{"id":1266,"date":"2013-03-15T11:46:00","date_gmt":"2013-03-15T09:46:00","guid":{"rendered":"http:\/\/www.reynalddrouhin.net\/edu\/dataflow\/?p=1266"},"modified":"2013-03-21T21:57:04","modified_gmt":"2013-03-21T19:57:04","slug":"tete-a-tete-lorraine-vivien","status":"publish","type":"post","link":"https:\/\/www.reynalddrouhin.net\/edu\/dataflow\/2013\/03\/tete-a-tete-lorraine-vivien\/","title":{"rendered":"T\u00eate \u00e0 t\u00eate \/ Lorraine Vivien"},"content":{"rendered":"<p><strong>Lorraine Vivien<\/strong>, <em>T\u00eate \u00e0 t\u00eate<\/em>, photographie, 164 x 111 cm, 2013.<\/p>\n<p>Action performative ayant donn\u00e9 lieu \u00e0 une photographie. Introduction d&rsquo;une pr\u00e9sence intimiste en milieu anonyme urbain. Deux chaises, l&rsquo;une vide, l&rsquo;autre occup\u00e9e, post\u00e9es sur un lieu de passage. Une pr\u00e9sence, une absence. Qu&rsquo;en reste-il ? La confrontation de deux temps, celui de la ville, celui de l&rsquo;individu. (Rapport des interactions orales avec les passants en 40 mn : \u00ab\u00a0qu&rsquo;est-ce-tu fais ?\u00a0\u00bb \u00ab\u00a0c&rsquo;est quoi \u00e7a !?\u00a0\u00bb \u00ab\u00a0\u00e7a va ?\u00a0\u00bb \u00ab\u00a0es frio\u00a0\u00bb \u00ab\u00a0suerte\u00a0\u00bb. L&rsquo;action \u00e0 pris fin, lorsque un groupe de personnes est rest\u00e9 pr\u00e9sent plus de 3 minutes.)<\/p>\n<p><a href=\"https:\/\/www.reynalddrouhin.net\/edu\/dataflow\/wp-content\/uploads\/2013\/03\/483657_10151547896380449_1991979723_n.jpg\"><img loading=\"lazy\" decoding=\"async\" data-attachment-id=\"1267\" data-permalink=\"https:\/\/www.reynalddrouhin.net\/edu\/dataflow\/2013\/03\/tete-a-tete-lorraine-vivien\/483657_10151547896380449_1991979723_n\/\" data-orig-file=\"https:\/\/www.reynalddrouhin.net\/edu\/dataflow\/wp-content\/uploads\/2013\/03\/483657_10151547896380449_1991979723_n.jpg\" data-orig-size=\"960,640\" data-comments-opened=\"1\" data-image-meta=\"{&quot;aperture&quot;:&quot;0&quot;,&quot;credit&quot;:&quot;&quot;,&quot;camera&quot;:&quot;&quot;,&quot;caption&quot;:&quot;&quot;,&quot;created_timestamp&quot;:&quot;0&quot;,&quot;copyright&quot;:&quot;&quot;,&quot;focal_length&quot;:&quot;0&quot;,&quot;iso&quot;:&quot;0&quot;,&quot;shutter_speed&quot;:&quot;0&quot;,&quot;title&quot;:&quot;&quot;}\" data-image-title=\"483657_10151547896380449_1991979723_n\" data-image-description=\"\" data-image-caption=\"\" data-large-file=\"https:\/\/www.reynalddrouhin.net\/edu\/dataflow\/wp-content\/uploads\/2013\/03\/483657_10151547896380449_1991979723_n-710x473.jpg\" class=\"alignnone size-large wp-image-1267\" alt=\"483657_10151547896380449_1991979723_n\" src=\"https:\/\/www.reynalddrouhin.net\/edu\/dataflow\/wp-content\/uploads\/2013\/03\/483657_10151547896380449_1991979723_n-610x406.jpg\" width=\"610\" height=\"406\" \/><\/a><\/p>\n","protected":false},"excerpt":{"rendered":"<p>Lorraine Vivien, T\u00eate \u00e0 t\u00eate, photographie, 164 x 111 cm, 2013. Action performative ayant donn\u00e9 lieu \u00e0 une photographie. Introduction d&rsquo;une pr\u00e9sence intimiste en milieu anonyme urbain. Deux&#8230;<\/p>\n","protected":false},"author":20,"featured_media":1267,"comment_status":"open","ping_status":"open","sticky":false,"template":"","format":"standard","meta":{"jetpack_post_was_ever_published":false,"_jetpack_newsletter_access":"","_jetpack_dont_email_post_to_subs":false,"_jetpack_newsletter_tier_id":0,"_jetpack_memberships_contains_paywalled_content":false,"_jetpack_memberships_contains_paid_content":false,"footnotes":""},"categories":[37,4],"tags":[137,179,154,181,183,182,180,55,56],"class_list":["post-1266","post","type-post","status-publish","format-standard","has-post-thumbnail","hentry","category-etudiants","category-projets","tag-dialogue","tag-etat","tag-lieu","tag-passage","tag-place","tag-presence","tag-resistance","tag-urbain","tag-ville"],"jetpack_featured_media_url":"https:\/\/www.reynalddrouhin.net\/edu\/dataflow\/wp-content\/uploads\/2013\/03\/483657_10151547896380449_1991979723_n.jpg","jetpack_shortlink":"https:\/\/wp.me\/p72hC6-kq","jetpack-related-posts":[{"id":1193,"url":"https:\/\/www.reynalddrouhin.net\/edu\/dataflow\/2013\/03\/workflow\/","url_meta":{"origin":1266,"position":0},"title":"WorkFlow","author":"Reynald Drouhin","date":"20 mars 2013","format":false,"excerpt":"WorkFlow Corps, itin\u00e9raire, exp\u00e9rience Cette exposition fait suite \u00e0 un workshop de 3 jours (le 11, 12 et 13 mars 2013) conduit par Reynald Drouhin avec les \u00e9tudiants de l'ESAAB - site de Rennes. Les dates et lieux d'accrochage (\u00e9cran du 4bis et espace d'exposition de l'\u00e9cole) \u00e9tant pr\u00e9vus avant\u2026","rel":"","context":"Dans &quot;Expositions&quot;","block_context":{"text":"Expositions","link":"https:\/\/www.reynalddrouhin.net\/edu\/dataflow\/category\/projets\/expositions\/"},"img":{"alt_text":"","src":"https:\/\/i0.wp.com\/www.reynalddrouhin.net\/edu\/dataflow\/wp-content\/uploads\/2013\/03\/image.jpeg?resize=350%2C200&ssl=1","width":350,"height":200,"srcset":"https:\/\/i0.wp.com\/www.reynalddrouhin.net\/edu\/dataflow\/wp-content\/uploads\/2013\/03\/image.jpeg?resize=350%2C200&ssl=1 1x, https:\/\/i0.wp.com\/www.reynalddrouhin.net\/edu\/dataflow\/wp-content\/uploads\/2013\/03\/image.jpeg?resize=525%2C300&ssl=1 1.5x, https:\/\/i0.wp.com\/www.reynalddrouhin.net\/edu\/dataflow\/wp-content\/uploads\/2013\/03\/image.jpeg?resize=700%2C400&ssl=1 2x"},"classes":[]},{"id":1390,"url":"https:\/\/www.reynalddrouhin.net\/edu\/dataflow\/2013\/03\/exposition-workflow\/","url_meta":{"origin":1266,"position":1},"title":"Exposition WorkFlow","author":"Reynald Drouhin","date":"26 mars 2013","format":false,"excerpt":"WorkFlow T\u00eate \u00e0 t\u00eate \/ Lorraine Vivien En corps urbain \/ Ma\u00eblle Bertrand It\u2019s hard to be down when you\u2019re up \/ Paloma Moin La piscine \/ Dounia Isma\u00efl Pedestrian Street View \/ Julie Elleouet Aller simple \/ Cl\u00e9ment Le Pallec Point de fuite \/ Marion Augusto Policy routing \/\u2026","rel":"","context":"Dans &quot;\u00c9tudiants&quot;","block_context":{"text":"\u00c9tudiants","link":"https:\/\/www.reynalddrouhin.net\/edu\/dataflow\/category\/projets\/etudiants\/"},"img":{"alt_text":"","src":"https:\/\/i0.wp.com\/www.reynalddrouhin.net\/edu\/dataflow\/wp-content\/uploads\/2013\/03\/IMG_4839.jpg?resize=350%2C200&ssl=1","width":350,"height":200,"srcset":"https:\/\/i0.wp.com\/www.reynalddrouhin.net\/edu\/dataflow\/wp-content\/uploads\/2013\/03\/IMG_4839.jpg?resize=350%2C200&ssl=1 1x, https:\/\/i0.wp.com\/www.reynalddrouhin.net\/edu\/dataflow\/wp-content\/uploads\/2013\/03\/IMG_4839.jpg?resize=525%2C300&ssl=1 1.5x, https:\/\/i0.wp.com\/www.reynalddrouhin.net\/edu\/dataflow\/wp-content\/uploads\/2013\/03\/IMG_4839.jpg?resize=700%2C400&ssl=1 2x"},"classes":[]},{"id":1289,"url":"https:\/\/www.reynalddrouhin.net\/edu\/dataflow\/2013\/03\/ponctuations-a-r-m\/","url_meta":{"origin":1266,"position":2},"title":"Ponctuations \/ A.R.M.","author":"Reynald Drouhin","date":"15 mars 2013","format":false,"excerpt":"A.R.M., Ponctuations,\u00a02 vid\u00e9os 15'35\" (beaux-arts) et 15'34\" (4bis), 2013. (A.R.M.\u00a0: collectif compos\u00e9 de\u00a0Marion Augusto,\u00a0Ma\u00eblle Bertrand\u00a0et de\u00a0Lorraine Vivien) \"La r\u00e9p\u00e9tition d'un trajet.Une structure \u00e9tablie entre en collision avec la notion d'improvisation pour \u00e0 chaque fois laisser le corps se d\u00e9ployer dans l'espace. Jouant par nos postures avec l'environnement urbain, nous le\u2026","rel":"","context":"Dans &quot;\u00c9tudiants&quot;","block_context":{"text":"\u00c9tudiants","link":"https:\/\/www.reynalddrouhin.net\/edu\/dataflow\/category\/projets\/etudiants\/"},"img":{"alt_text":"","src":"https:\/\/i0.wp.com\/www.reynalddrouhin.net\/edu\/dataflow\/wp-content\/uploads\/2013\/03\/arm.jpg?resize=350%2C200&ssl=1","width":350,"height":200,"srcset":"https:\/\/i0.wp.com\/www.reynalddrouhin.net\/edu\/dataflow\/wp-content\/uploads\/2013\/03\/arm.jpg?resize=350%2C200&ssl=1 1x, https:\/\/i0.wp.com\/www.reynalddrouhin.net\/edu\/dataflow\/wp-content\/uploads\/2013\/03\/arm.jpg?resize=525%2C300&ssl=1 1.5x, https:\/\/i0.wp.com\/www.reynalddrouhin.net\/edu\/dataflow\/wp-content\/uploads\/2013\/03\/arm.jpg?resize=700%2C400&ssl=1 2x"},"classes":[]},{"id":1250,"url":"https:\/\/www.reynalddrouhin.net\/edu\/dataflow\/2013\/03\/en-corps-urbain-maelle-bertrand\/","url_meta":{"origin":1266,"position":3},"title":"En corps urbain \/ Ma\u00eblle Bertrand","author":"Reynald Drouhin","date":"15 mars 2013","format":false,"excerpt":"Ma\u00eblle Bertrand,\u00a0En corps urbain,\u00a02013, 3 photographies,\u00a055 x 50 cm, 70 x 50 cm et 75 x 50 cm, 2013. \"En corps urbain c'est l'homme dans la ville et la ville vue \u00e0 travers l'homme. Ces photographie sont des mises en ab\u00eeme, elles cadrent un corps qui lui m\u00eame cadre un\u2026","rel":"","context":"Dans &quot;\u00c9tudiants&quot;","block_context":{"text":"\u00c9tudiants","link":"https:\/\/www.reynalddrouhin.net\/edu\/dataflow\/category\/projets\/etudiants\/"},"img":{"alt_text":"","src":"https:\/\/i0.wp.com\/www.reynalddrouhin.net\/edu\/dataflow\/wp-content\/uploads\/2013\/03\/581879_10200748265368296_1361569172_n.jpg?resize=350%2C200&ssl=1","width":350,"height":200,"srcset":"https:\/\/i0.wp.com\/www.reynalddrouhin.net\/edu\/dataflow\/wp-content\/uploads\/2013\/03\/581879_10200748265368296_1361569172_n.jpg?resize=350%2C200&ssl=1 1x, https:\/\/i0.wp.com\/www.reynalddrouhin.net\/edu\/dataflow\/wp-content\/uploads\/2013\/03\/581879_10200748265368296_1361569172_n.jpg?resize=525%2C300&ssl=1 1.5x, https:\/\/i0.wp.com\/www.reynalddrouhin.net\/edu\/dataflow\/wp-content\/uploads\/2013\/03\/581879_10200748265368296_1361569172_n.jpg?resize=700%2C400&ssl=1 2x"},"classes":[]},{"id":1247,"url":"https:\/\/www.reynalddrouhin.net\/edu\/dataflow\/2013\/03\/workshop-workflow\/","url_meta":{"origin":1266,"position":4},"title":"Workshop WorkFlow","author":"Reynald Drouhin","date":"11 mars 2013","format":false,"excerpt":"Workshop du 11 au 13 mars 2013 \u00e0 l'EESAB - site de Rennes, avec Reynald Drouhin. Le workshop a subi plusieurs modifications apr\u00e8s le d\u00e9sistement de l'intervenant principal, l'urgence a donc \u00e9t\u00e9 une donn\u00e9e importante tout au long du projet. Avec cette impression de commencer par la fin, une exposition\u2026","rel":"","context":"Dans &quot;Projets&quot;","block_context":{"text":"Projets","link":"https:\/\/www.reynalddrouhin.net\/edu\/dataflow\/category\/projets\/"},"img":{"alt_text":"","src":"","width":0,"height":0},"classes":[]},{"id":1570,"url":"https:\/\/www.reynalddrouhin.net\/edu\/dataflow\/2014\/03\/greffes-urbaines-audrey-buchot\/","url_meta":{"origin":1266,"position":5},"title":"Greffes urbaines \/ Audrey Buchot","author":"Reynald Drouhin","date":"23 mars 2014","format":false,"excerpt":"Installation d'une cabane \u00e9chelle 1, dans laquelle ces photos seront expos\u00e9es. Ayant comme pratique de travailler \u00e0 partir de l\u2018espace urbain, j\u2019ai d\u00e9cid\u00e9 pour l\u2019exposition d\u2019archiver l\u2019une de mes r\u00e9alisations qui consiste \u00e0 greffer des cabanes en carton sur le mobilier urbain; en construisant une cabane \u00e9chelle 1 qui serait\u2026","rel":"","context":"Dans &quot;\u00c9tudiants&quot;","block_context":{"text":"\u00c9tudiants","link":"https:\/\/www.reynalddrouhin.net\/edu\/dataflow\/category\/projets\/etudiants\/"},"img":{"alt_text":"","src":"https:\/\/i0.wp.com\/www.reynalddrouhin.net\/edu\/dataflow\/wp-content\/uploads\/2014\/03\/IMG_8049.jpg?resize=350%2C200&ssl=1","width":350,"height":200,"srcset":"https:\/\/i0.wp.com\/www.reynalddrouhin.net\/edu\/dataflow\/wp-content\/uploads\/2014\/03\/IMG_8049.jpg?resize=350%2C200&ssl=1 1x, https:\/\/i0.wp.com\/www.reynalddrouhin.net\/edu\/dataflow\/wp-content\/uploads\/2014\/03\/IMG_8049.jpg?resize=525%2C300&ssl=1 1.5x, https:\/\/i0.wp.com\/www.reynalddrouhin.net\/edu\/dataflow\/wp-content\/uploads\/2014\/03\/IMG_8049.jpg?resize=700%2C400&ssl=1 2x"},"classes":[]}],"jetpack_sharing_enabled":true,"_links":{"self":[{"href":"https:\/\/www.reynalddrouhin.net\/edu\/dataflow\/wp-json\/wp\/v2\/posts\/1266","targetHints":{"allow":["GET"]}}],"collection":[{"href":"https:\/\/www.reynalddrouhin.net\/edu\/dataflow\/wp-json\/wp\/v2\/posts"}],"about":[{"href":"https:\/\/www.reynalddrouhin.net\/edu\/dataflow\/wp-json\/wp\/v2\/types\/post"}],"author":[{"embeddable":true,"href":"https:\/\/www.reynalddrouhin.net\/edu\/dataflow\/wp-json\/wp\/v2\/users\/20"}],"replies":[{"embeddable":true,"href":"https:\/\/www.reynalddrouhin.net\/edu\/dataflow\/wp-json\/wp\/v2\/comments?post=1266"}],"version-history":[{"count":0,"href":"https:\/\/www.reynalddrouhin.net\/edu\/dataflow\/wp-json\/wp\/v2\/posts\/1266\/revisions"}],"wp:featuredmedia":[{"embeddable":true,"href":"https:\/\/www.reynalddrouhin.net\/edu\/dataflow\/wp-json\/wp\/v2\/media\/1267"}],"wp:attachment":[{"href":"https:\/\/www.reynalddrouhin.net\/edu\/dataflow\/wp-json\/wp\/v2\/media?parent=1266"}],"wp:term":[{"taxonomy":"category","embeddable":true,"href":"https:\/\/www.reynalddrouhin.net\/edu\/dataflow\/wp-json\/wp\/v2\/categories?post=1266"},{"taxonomy":"post_tag","embeddable":true,"href":"https:\/\/www.reynalddrouhin.net\/edu\/dataflow\/wp-json\/wp\/v2\/tags?post=1266"}],"curies":[{"name":"wp","href":"https:\/\/api.w.org\/{rel}","templated":true}]}}