{"id":1479,"date":"2001-10-01T12:08:24","date_gmt":"2001-10-01T10:08:24","guid":{"rendered":"http:\/\/www.reynalddrouhin.net\/edu\/dataflow\/?p=1479"},"modified":"2014-01-28T12:12:05","modified_gmt":"2014-01-28T10:12:05","slug":"get-time","status":"publish","type":"post","link":"https:\/\/www.reynalddrouhin.net\/edu\/dataflow\/2001\/10\/get-time\/","title":{"rendered":"Get.time"},"content":{"rendered":"<p>2001\/2002 &gt; ARC internet et le num\u00e9rique &gt; Suivi par Reynald Drouhin<\/p>\n<p>prendre du temps perdre du temps passer du temps trouver du temps chercher du temps \u00e9couter le temps regarder le temps oublier le temps jouer avec le temps parler avec le temps attendre le temps compter le temps chauffer le temps loft le temps\u2026 etc le temps<\/p>\n<p>Les modules pr\u00e9sents sur ce site sont l\u00e0 pour questionner votre temps\u2026<\/p>\n<p>Etudiants :<br \/>\nThibaut Deschamps, Marion Dupressy, Nadine Guinefoleau, Aur\u00e9lien H\u00e9raud (orl1-ro), Lo\u00efc Horellou, Anne C\u00e9cile Le Moal, M\u00e9lodie Mousset, Gildas Pauvert<\/p>\n<p><a title=\"Get.time\" href=\"http:\/\/get.time.free.fr\/\">http:\/\/get.time.free.fr<\/a><\/p>\n<p><a href=\"https:\/\/www.reynalddrouhin.net\/edu\/dataflow\/wp-content\/uploads\/2014\/01\/gt.png\"><img loading=\"lazy\" decoding=\"async\" data-attachment-id=\"1480\" data-permalink=\"https:\/\/www.reynalddrouhin.net\/edu\/dataflow\/2001\/10\/get-time\/gt\/\" data-orig-file=\"https:\/\/www.reynalddrouhin.net\/edu\/dataflow\/wp-content\/uploads\/2014\/01\/gt.png\" data-orig-size=\"754,699\" data-comments-opened=\"1\" data-image-meta=\"{&quot;aperture&quot;:&quot;0&quot;,&quot;credit&quot;:&quot;&quot;,&quot;camera&quot;:&quot;&quot;,&quot;caption&quot;:&quot;&quot;,&quot;created_timestamp&quot;:&quot;0&quot;,&quot;copyright&quot;:&quot;&quot;,&quot;focal_length&quot;:&quot;0&quot;,&quot;iso&quot;:&quot;0&quot;,&quot;shutter_speed&quot;:&quot;0&quot;,&quot;title&quot;:&quot;&quot;}\" data-image-title=\"gt\" data-image-description=\"\" data-image-caption=\"\" data-large-file=\"https:\/\/www.reynalddrouhin.net\/edu\/dataflow\/wp-content\/uploads\/2014\/01\/gt-710x658.png\" class=\"alignnone size-large wp-image-1480\" alt=\"gt\" src=\"https:\/\/www.reynalddrouhin.net\/edu\/dataflow\/wp-content\/uploads\/2014\/01\/gt-710x658.png\" width=\"710\" height=\"658\" srcset=\"https:\/\/www.reynalddrouhin.net\/edu\/dataflow\/wp-content\/uploads\/2014\/01\/gt-710x658.png 710w, https:\/\/www.reynalddrouhin.net\/edu\/dataflow\/wp-content\/uploads\/2014\/01\/gt-300x278.png 300w, https:\/\/www.reynalddrouhin.net\/edu\/dataflow\/wp-content\/uploads\/2014\/01\/gt-210x194.png 210w, https:\/\/www.reynalddrouhin.net\/edu\/dataflow\/wp-content\/uploads\/2014\/01\/gt.png 754w\" sizes=\"auto, (max-width: 710px) 100vw, 710px\" \/><\/a><\/p>\n","protected":false},"excerpt":{"rendered":"<p>2001\/2002 &gt; ARC internet et le num\u00e9rique &gt; Suivi par Reynald Drouhin prendre du temps perdre du temps passer du temps trouver du temps chercher du temps \u00e9couter&#8230;<\/p>\n","protected":false},"author":20,"featured_media":1480,"comment_status":"open","ping_status":"open","sticky":false,"template":"","format":"standard","meta":{"jetpack_post_was_ever_published":false,"_jetpack_newsletter_access":"","_jetpack_dont_email_post_to_subs":false,"_jetpack_newsletter_tier_id":0,"_jetpack_memberships_contains_paywalled_content":false,"_jetpack_memberships_contains_paid_content":false,"footnotes":""},"categories":[37,4],"tags":[152,210,90,211,209,29],"class_list":["post-1479","post","type-post","status-publish","format-standard","has-post-thumbnail","hentry","category-etudiants","category-projets","tag-arc","tag-interface","tag-internet","tag-numerique","tag-rennes","tag-temps"],"jetpack_featured_media_url":"https:\/\/www.reynalddrouhin.net\/edu\/dataflow\/wp-content\/uploads\/2014\/01\/gt.png","jetpack_shortlink":"https:\/\/wp.me\/p72hC6-nR","jetpack-related-posts":[{"id":5919,"url":"https:\/\/www.reynalddrouhin.net\/edu\/dataflow\/2025\/09\/ahs-flavien-bonnois\/","url_meta":{"origin":1479,"position":0},"title":"AHS \/ Flavien Bonnois","author":"Reynald Drouhin","date":"29 septembre 2025","format":false,"excerpt":"L'ensemble semble suspendu dans le temps, capturant la r\u00e9flexion, comme un \u00e9clat de myst\u00e8re lumineux ou une manifestation subtile de l'invisible. Il y a une question de contraste au num\u00e9rique, o\u00f9 la lumi\u00e8re et l'ombre fusionnent, jouant \u00e0 la fronti\u00e8re entre le tangible et le r\u00eave, entre la technologie et\u2026","rel":"","context":"Dans &quot;\u00c9tudiants&quot;","block_context":{"text":"\u00c9tudiants","link":"https:\/\/www.reynalddrouhin.net\/edu\/dataflow\/category\/projets\/etudiants\/"},"img":{"alt_text":"","src":"https:\/\/i0.wp.com\/www.reynalddrouhin.net\/edu\/dataflow\/wp-content\/uploads\/2024\/11\/ahs.jpg?resize=350%2C200&ssl=1","width":350,"height":200,"srcset":"https:\/\/i0.wp.com\/www.reynalddrouhin.net\/edu\/dataflow\/wp-content\/uploads\/2024\/11\/ahs.jpg?resize=350%2C200&ssl=1 1x, https:\/\/i0.wp.com\/www.reynalddrouhin.net\/edu\/dataflow\/wp-content\/uploads\/2024\/11\/ahs.jpg?resize=525%2C300&ssl=1 1.5x, https:\/\/i0.wp.com\/www.reynalddrouhin.net\/edu\/dataflow\/wp-content\/uploads\/2024\/11\/ahs.jpg?resize=700%2C400&ssl=1 2x, https:\/\/i0.wp.com\/www.reynalddrouhin.net\/edu\/dataflow\/wp-content\/uploads\/2024\/11\/ahs.jpg?resize=1050%2C600&ssl=1 3x, https:\/\/i0.wp.com\/www.reynalddrouhin.net\/edu\/dataflow\/wp-content\/uploads\/2024\/11\/ahs.jpg?resize=1400%2C800&ssl=1 4x"},"classes":[]},{"id":1456,"url":"https:\/\/www.reynalddrouhin.net\/edu\/dataflow\/2013\/10\/arc-dataflow-2013-14\/","url_meta":{"origin":1479,"position":1},"title":"ARC \u00ab\u00a0DataFlow\u00a0\u00bb 2013-14","author":"Reynald Drouhin","date":"15 octobre 2013","format":false,"excerpt":"Cr\u00e9er une compilation (collection, archive, \"flux de donn\u00e9es\") de ses propres projets (4 ou 5 env.) pour une diffusion vid\u00e9o sur l'\u00e9cran du 4bis (date du 7 au 12 janvier 2014 et peut \u00eatre fin mars \u00e0 confirmer) puis une pr\u00e9sentation dans un espace d'exposition... \u00e0 d\u00e9finir (mars ou avril\u2026","rel":"","context":"Dans &quot;Documents&quot;","block_context":{"text":"Documents","link":"https:\/\/www.reynalddrouhin.net\/edu\/dataflow\/category\/documents\/"},"img":{"alt_text":"","src":"https:\/\/i0.wp.com\/www.reynalddrouhin.net\/edu\/dataflow\/wp-content\/uploads\/2013\/10\/IMG_6711.jpg?resize=350%2C200&ssl=1","width":350,"height":200,"srcset":"https:\/\/i0.wp.com\/www.reynalddrouhin.net\/edu\/dataflow\/wp-content\/uploads\/2013\/10\/IMG_6711.jpg?resize=350%2C200&ssl=1 1x, https:\/\/i0.wp.com\/www.reynalddrouhin.net\/edu\/dataflow\/wp-content\/uploads\/2013\/10\/IMG_6711.jpg?resize=525%2C300&ssl=1 1.5x, https:\/\/i0.wp.com\/www.reynalddrouhin.net\/edu\/dataflow\/wp-content\/uploads\/2013\/10\/IMG_6711.jpg?resize=700%2C400&ssl=1 2x, https:\/\/i0.wp.com\/www.reynalddrouhin.net\/edu\/dataflow\/wp-content\/uploads\/2013\/10\/IMG_6711.jpg?resize=1050%2C600&ssl=1 3x, https:\/\/i0.wp.com\/www.reynalddrouhin.net\/edu\/dataflow\/wp-content\/uploads\/2013\/10\/IMG_6711.jpg?resize=1400%2C800&ssl=1 4x"},"classes":[]},{"id":6494,"url":"https:\/\/www.reynalddrouhin.net\/edu\/dataflow\/2026\/02\/la-barbie-deformee-luis-huet\/","url_meta":{"origin":1479,"position":2},"title":"La barbie d\u00e9form\u00e9e \/ Luis Huet","author":"Reynald Drouhin","date":"27 f\u00e9vrier 2026","format":false,"excerpt":"https:\/\/www.youtube.com\/watch?v=hWjZk380Iqk La Barbie d\u00e9form\u00e9e, 2026, 5 heures 20 minutes Ce projet vid\u00e9o na\u00eet d\u2019une citation de Mark NAPIER o\u00f9 il pr\u00e9sente la peinture et la sculpture comme des \u00ab formes d\u2019art [qui] n\u2019ont pas de pannes. \u00bb Cette r\u00e9flexion lui vient lors de la cr\u00e9ation de son premier compte Internet,\u2026","rel":"","context":"Dans &quot;\u00c9tudiants&quot;","block_context":{"text":"\u00c9tudiants","link":"https:\/\/www.reynalddrouhin.net\/edu\/dataflow\/category\/projets\/etudiants\/"},"img":{"alt_text":"","src":"https:\/\/i0.wp.com\/www.reynalddrouhin.net\/edu\/dataflow\/wp-content\/uploads\/2026\/02\/Capture-decran-2026-03-03-a-07.35.53-scaled.png?resize=350%2C200&ssl=1","width":350,"height":200,"srcset":"https:\/\/i0.wp.com\/www.reynalddrouhin.net\/edu\/dataflow\/wp-content\/uploads\/2026\/02\/Capture-decran-2026-03-03-a-07.35.53-scaled.png?resize=350%2C200&ssl=1 1x, https:\/\/i0.wp.com\/www.reynalddrouhin.net\/edu\/dataflow\/wp-content\/uploads\/2026\/02\/Capture-decran-2026-03-03-a-07.35.53-scaled.png?resize=525%2C300&ssl=1 1.5x, https:\/\/i0.wp.com\/www.reynalddrouhin.net\/edu\/dataflow\/wp-content\/uploads\/2026\/02\/Capture-decran-2026-03-03-a-07.35.53-scaled.png?resize=700%2C400&ssl=1 2x, https:\/\/i0.wp.com\/www.reynalddrouhin.net\/edu\/dataflow\/wp-content\/uploads\/2026\/02\/Capture-decran-2026-03-03-a-07.35.53-scaled.png?resize=1050%2C600&ssl=1 3x, https:\/\/i0.wp.com\/www.reynalddrouhin.net\/edu\/dataflow\/wp-content\/uploads\/2026\/02\/Capture-decran-2026-03-03-a-07.35.53-scaled.png?resize=1400%2C800&ssl=1 4x"},"classes":[]},{"id":5977,"url":"https:\/\/www.reynalddrouhin.net\/edu\/dataflow\/2025\/02\/les-temps-perdus-lea-brunaud\/","url_meta":{"origin":1479,"position":3},"title":"Les Temps Perdus \/ L\u00e9a Brunaud","author":"Reynald Drouhin","date":"6 f\u00e9vrier 2025","format":false,"excerpt":"Des motifs arabesques et des nuances de bleu, Les Temps Perdus est une s\u00e9rie qui ouvre les portes de l\u2019onirisme. De ces formes et motifs ressort un d\u00e9sir d\u2019\u00e9vasion, une incitation au voyage psychique de l\u2019\u00eatre qui perd ses rep\u00e8res dans un champ visuel satur\u00e9 d\u2019informations. Elles sont des st\u00e8les,\u2026","rel":"","context":"Dans &quot;\u00c9tudiants&quot;","block_context":{"text":"\u00c9tudiants","link":"https:\/\/www.reynalddrouhin.net\/edu\/dataflow\/category\/projets\/etudiants\/"},"img":{"alt_text":"","src":"https:\/\/i0.wp.com\/www.reynalddrouhin.net\/edu\/dataflow\/wp-content\/uploads\/2025\/02\/P1170170-1c.jpg?resize=350%2C200&ssl=1","width":350,"height":200,"srcset":"https:\/\/i0.wp.com\/www.reynalddrouhin.net\/edu\/dataflow\/wp-content\/uploads\/2025\/02\/P1170170-1c.jpg?resize=350%2C200&ssl=1 1x, https:\/\/i0.wp.com\/www.reynalddrouhin.net\/edu\/dataflow\/wp-content\/uploads\/2025\/02\/P1170170-1c.jpg?resize=525%2C300&ssl=1 1.5x, https:\/\/i0.wp.com\/www.reynalddrouhin.net\/edu\/dataflow\/wp-content\/uploads\/2025\/02\/P1170170-1c.jpg?resize=700%2C400&ssl=1 2x, https:\/\/i0.wp.com\/www.reynalddrouhin.net\/edu\/dataflow\/wp-content\/uploads\/2025\/02\/P1170170-1c.jpg?resize=1050%2C600&ssl=1 3x, https:\/\/i0.wp.com\/www.reynalddrouhin.net\/edu\/dataflow\/wp-content\/uploads\/2025\/02\/P1170170-1c.jpg?resize=1400%2C800&ssl=1 4x"},"classes":[]},{"id":4744,"url":"https:\/\/www.reynalddrouhin.net\/edu\/dataflow\/2022\/12\/hee-rak-park-sortie-du-sommeil\/","url_meta":{"origin":1479,"position":4},"title":"Hee Rak Park \/ Sortie du sommeil","author":"Reynald Drouhin","date":"12 d\u00e9cembre 2022","format":false,"excerpt":"\u00a0 En moyenne, une personne passe 1\/3 de sa vie \u00e0 dormir. En supposant une dur\u00e9e de vie de 90 ans, cela \u00e9quivaut \u00e0 passer environ 30 ans au lit, \u00e0 dormir. Dans la soci\u00e9t\u00e9, au rythme effr\u00e9n\u00e9 d'aujourd'hui, le sommeil n'est qu'une perte de temps, exag\u00e9r\u00e9ment consid\u00e9r\u00e9e comme un\u2026","rel":"","context":"Dans &quot;\u00c9tudiants&quot;","block_context":{"text":"\u00c9tudiants","link":"https:\/\/www.reynalddrouhin.net\/edu\/dataflow\/category\/projets\/etudiants\/"},"img":{"alt_text":"","src":"https:\/\/i0.wp.com\/www.reynalddrouhin.net\/edu\/dataflow\/wp-content\/uploads\/2023\/03\/IMG_1072.jpg?resize=350%2C200&ssl=1","width":350,"height":200,"srcset":"https:\/\/i0.wp.com\/www.reynalddrouhin.net\/edu\/dataflow\/wp-content\/uploads\/2023\/03\/IMG_1072.jpg?resize=350%2C200&ssl=1 1x, https:\/\/i0.wp.com\/www.reynalddrouhin.net\/edu\/dataflow\/wp-content\/uploads\/2023\/03\/IMG_1072.jpg?resize=525%2C300&ssl=1 1.5x, https:\/\/i0.wp.com\/www.reynalddrouhin.net\/edu\/dataflow\/wp-content\/uploads\/2023\/03\/IMG_1072.jpg?resize=700%2C400&ssl=1 2x, https:\/\/i0.wp.com\/www.reynalddrouhin.net\/edu\/dataflow\/wp-content\/uploads\/2023\/03\/IMG_1072.jpg?resize=1050%2C600&ssl=1 3x, https:\/\/i0.wp.com\/www.reynalddrouhin.net\/edu\/dataflow\/wp-content\/uploads\/2023\/03\/IMG_1072.jpg?resize=1400%2C800&ssl=1 4x"},"classes":[]},{"id":3522,"url":"https:\/\/www.reynalddrouhin.net\/edu\/dataflow\/2018\/03\/temps-libre\/","url_meta":{"origin":1479,"position":5},"title":"Temps Libre","author":"Reynald Drouhin","date":"14 mars 2018","format":false,"excerpt":"L\u2019EESAB \u2013 site de Rennes et la Galerie Vanessa Quang pr\u00e9sentent TEMPS LIBRE GROUP SHOW Une proposition de Reynald Drouhin DU 6 AU 26 AVRIL 2018 Vernissage le vendredi 6 avril de 18 h \u00e0 21 h en pr\u00e9sence des artistes. \u00ab Temps libre et lib\u00e9r\u00e9 des urgences du monde\u2026","rel":"","context":"Dans &quot;Documents&quot;","block_context":{"text":"Documents","link":"https:\/\/www.reynalddrouhin.net\/edu\/dataflow\/category\/documents\/"},"img":{"alt_text":"","src":"https:\/\/i0.wp.com\/www.reynalddrouhin.net\/edu\/dataflow\/wp-content\/uploads\/2018\/03\/invitation-tl.png?resize=350%2C200&ssl=1","width":350,"height":200,"srcset":"https:\/\/i0.wp.com\/www.reynalddrouhin.net\/edu\/dataflow\/wp-content\/uploads\/2018\/03\/invitation-tl.png?resize=350%2C200&ssl=1 1x, https:\/\/i0.wp.com\/www.reynalddrouhin.net\/edu\/dataflow\/wp-content\/uploads\/2018\/03\/invitation-tl.png?resize=525%2C300&ssl=1 1.5x, https:\/\/i0.wp.com\/www.reynalddrouhin.net\/edu\/dataflow\/wp-content\/uploads\/2018\/03\/invitation-tl.png?resize=700%2C400&ssl=1 2x, https:\/\/i0.wp.com\/www.reynalddrouhin.net\/edu\/dataflow\/wp-content\/uploads\/2018\/03\/invitation-tl.png?resize=1050%2C600&ssl=1 3x, https:\/\/i0.wp.com\/www.reynalddrouhin.net\/edu\/dataflow\/wp-content\/uploads\/2018\/03\/invitation-tl.png?resize=1400%2C800&ssl=1 4x"},"classes":[]}],"jetpack_sharing_enabled":true,"_links":{"self":[{"href":"https:\/\/www.reynalddrouhin.net\/edu\/dataflow\/wp-json\/wp\/v2\/posts\/1479","targetHints":{"allow":["GET"]}}],"collection":[{"href":"https:\/\/www.reynalddrouhin.net\/edu\/dataflow\/wp-json\/wp\/v2\/posts"}],"about":[{"href":"https:\/\/www.reynalddrouhin.net\/edu\/dataflow\/wp-json\/wp\/v2\/types\/post"}],"author":[{"embeddable":true,"href":"https:\/\/www.reynalddrouhin.net\/edu\/dataflow\/wp-json\/wp\/v2\/users\/20"}],"replies":[{"embeddable":true,"href":"https:\/\/www.reynalddrouhin.net\/edu\/dataflow\/wp-json\/wp\/v2\/comments?post=1479"}],"version-history":[{"count":0,"href":"https:\/\/www.reynalddrouhin.net\/edu\/dataflow\/wp-json\/wp\/v2\/posts\/1479\/revisions"}],"wp:featuredmedia":[{"embeddable":true,"href":"https:\/\/www.reynalddrouhin.net\/edu\/dataflow\/wp-json\/wp\/v2\/media\/1480"}],"wp:attachment":[{"href":"https:\/\/www.reynalddrouhin.net\/edu\/dataflow\/wp-json\/wp\/v2\/media?parent=1479"}],"wp:term":[{"taxonomy":"category","embeddable":true,"href":"https:\/\/www.reynalddrouhin.net\/edu\/dataflow\/wp-json\/wp\/v2\/categories?post=1479"},{"taxonomy":"post_tag","embeddable":true,"href":"https:\/\/www.reynalddrouhin.net\/edu\/dataflow\/wp-json\/wp\/v2\/tags?post=1479"}],"curies":[{"name":"wp","href":"https:\/\/api.w.org\/{rel}","templated":true}]}}