{"id":1523,"date":"2007-03-07T13:29:37","date_gmt":"2007-03-07T11:29:37","guid":{"rendered":"http:\/\/www.reynalddrouhin.net\/edu\/dataflow\/?p=1523"},"modified":"2014-02-04T13:35:15","modified_gmt":"2014-02-04T11:35:15","slug":"jean-paul-fourmentraux","status":"publish","type":"post","link":"https:\/\/www.reynalddrouhin.net\/edu\/dataflow\/2007\/03\/jean-paul-fourmentraux\/","title":{"rendered":"Jean-Paul Fourmentraux"},"content":{"rendered":"<p>le mercredi 7 mars 2007 \u00e0 17h : Jean-Paul Fourmentraux<br \/>\nConf\u00e9rence autour de l\u2019histoire \u00e9mergente des pratiques et dispositifs du Net art \u2013 \u00e0 partir de mon livre paru aux \u00e9ditions du CNRS \u2013 Art et Internet. Les nouvelles figures de la cr\u00e9ation.<\/p>\n<p><a href=\"https:\/\/www.reynalddrouhin.net\/edu\/dataflow\/wp-content\/uploads\/2014\/02\/artetinternet.jpg\"><img loading=\"lazy\" decoding=\"async\" data-attachment-id=\"1524\" data-permalink=\"https:\/\/www.reynalddrouhin.net\/edu\/dataflow\/2007\/03\/jean-paul-fourmentraux\/artetinternet\/\" data-orig-file=\"https:\/\/www.reynalddrouhin.net\/edu\/dataflow\/wp-content\/uploads\/2014\/02\/artetinternet.jpg\" data-orig-size=\"500,704\" data-comments-opened=\"1\" data-image-meta=\"{&quot;aperture&quot;:&quot;0&quot;,&quot;credit&quot;:&quot;&quot;,&quot;camera&quot;:&quot;&quot;,&quot;caption&quot;:&quot;&quot;,&quot;created_timestamp&quot;:&quot;0&quot;,&quot;copyright&quot;:&quot;&quot;,&quot;focal_length&quot;:&quot;0&quot;,&quot;iso&quot;:&quot;0&quot;,&quot;shutter_speed&quot;:&quot;0&quot;,&quot;title&quot;:&quot;&quot;}\" data-image-title=\"artetinternet\" data-image-description=\"\" data-image-caption=\"\" data-large-file=\"https:\/\/www.reynalddrouhin.net\/edu\/dataflow\/wp-content\/uploads\/2014\/02\/artetinternet.jpg\" src=\"https:\/\/www.reynalddrouhin.net\/edu\/dataflow\/wp-content\/uploads\/2014\/02\/artetinternet.jpg\" alt=\"artetinternet\" width=\"500\" height=\"704\" class=\"alignnone size-full wp-image-1524\" srcset=\"https:\/\/www.reynalddrouhin.net\/edu\/dataflow\/wp-content\/uploads\/2014\/02\/artetinternet.jpg 500w, https:\/\/www.reynalddrouhin.net\/edu\/dataflow\/wp-content\/uploads\/2014\/02\/artetinternet-300x422.jpg 300w, https:\/\/www.reynalddrouhin.net\/edu\/dataflow\/wp-content\/uploads\/2014\/02\/artetinternet-210x295.jpg 210w\" sizes=\"auto, (max-width: 500px) 100vw, 500px\" \/><\/a><\/p>\n<p>\u00e9couter <a href=\"http:\/\/www.franceculture.fr\/personne-jean-paul-fourmentraux.html\" target=\"_blank\">http:\/\/www.franceculture.fr\/personne-jean-paul-fourmentraux.html<\/a><\/p>\n","protected":false},"excerpt":{"rendered":"<p>le mercredi 7 mars 2007 \u00e0 17h : Jean-Paul Fourmentraux Conf\u00e9rence autour de l\u2019histoire \u00e9mergente des pratiques et dispositifs du Net art \u2013 \u00e0 partir de mon livre&#8230;<\/p>\n","protected":false},"author":20,"featured_media":1525,"comment_status":"open","ping_status":"open","sticky":false,"template":"","format":"standard","meta":{"jetpack_post_was_ever_published":false,"_jetpack_newsletter_access":"","_jetpack_dont_email_post_to_subs":false,"_jetpack_newsletter_tier_id":0,"_jetpack_memberships_contains_paywalled_content":false,"_jetpack_memberships_contains_paid_content":false,"footnotes":""},"categories":[124,3],"tags":[90,229],"class_list":["post-1523","post","type-post","status-publish","format-standard","has-post-thumbnail","hentry","category-conferences","category-documents","tag-internet","tag-jean-paul-fourmentraux"],"jetpack_featured_media_url":"https:\/\/www.reynalddrouhin.net\/edu\/dataflow\/wp-content\/uploads\/2014\/02\/8207390995_fd52447538_z.jpg","jetpack_shortlink":"https:\/\/wp.me\/p72hC6-oz","jetpack-related-posts":[{"id":1216,"url":"https:\/\/www.reynalddrouhin.net\/edu\/dataflow\/2010\/09\/des-materialisations\/","url_meta":{"origin":1523,"position":0},"title":"Des Mat\u00e9rialisations","author":"Reynald Drouhin","date":"14 septembre 2010","format":false,"excerpt":"Titre : ARC \"Des Mat\u00e9rialisations\" Lieu : Ecole des beaux-arts de Rennes, salle 302, ateliers, auditorium et \u00e0 l'ext\u00e9rieur. Date : 2010-2011 et plus Enseignant : Reynald Drouhin Collaboration : Articulation possible avec l'ARC \"D\u00e9mat\u00e9rialisation\" de Luc Larmor (son) Intervenants : 2011-2012 : Ivan Argote (artiste, conf\u00e9rence) 2010-2011 : St\u00e9phane\u2026","rel":"","context":"Dans &quot;Projets&quot;","block_context":{"text":"Projets","link":"https:\/\/www.reynalddrouhin.net\/edu\/dataflow\/category\/projets\/"},"img":{"alt_text":"","src":"","width":0,"height":0},"classes":[]},{"id":3787,"url":"https:\/\/www.reynalddrouhin.net\/edu\/dataflow\/2019\/11\/art-et-anthropocene\/","url_meta":{"origin":1523,"position":1},"title":"Art et Anthropoc\u00e8ne","author":"Reynald Drouhin","date":"1 novembre 2019","format":false,"excerpt":"Nuage Vert du collectif HeHe Artwiki Art et \u00e9cologie \u00abNe doutez jamais qu'un petit groupe de gens r\u00e9fl\u00e9chis et engag\u00e9s puisse changer le monde. En fait, c'est toujours comme cela que \u00e7a s'est pass\u00e9.\u00bb - Margaret Mead (1901 - 1978) - Anthropologue. Expositions Dendromorphies - Cr\u00e9er avec l'Arbre, 2017 \u00a0\u2026","rel":"","context":"Dans &quot;Documents&quot;","block_context":{"text":"Documents","link":"https:\/\/www.reynalddrouhin.net\/edu\/dataflow\/category\/documents\/"},"img":{"alt_text":"","src":"https:\/\/i0.wp.com\/www.reynalddrouhin.net\/edu\/dataflow\/wp-content\/uploads\/2019\/11\/Hehe-Nuage-Vert.jpg?resize=350%2C200&ssl=1","width":350,"height":200,"srcset":"https:\/\/i0.wp.com\/www.reynalddrouhin.net\/edu\/dataflow\/wp-content\/uploads\/2019\/11\/Hehe-Nuage-Vert.jpg?resize=350%2C200&ssl=1 1x, https:\/\/i0.wp.com\/www.reynalddrouhin.net\/edu\/dataflow\/wp-content\/uploads\/2019\/11\/Hehe-Nuage-Vert.jpg?resize=525%2C300&ssl=1 1.5x, https:\/\/i0.wp.com\/www.reynalddrouhin.net\/edu\/dataflow\/wp-content\/uploads\/2019\/11\/Hehe-Nuage-Vert.jpg?resize=700%2C400&ssl=1 2x"},"classes":[]},{"id":1514,"url":"https:\/\/www.reynalddrouhin.net\/edu\/dataflow\/2007\/02\/michele-maillet\/","url_meta":{"origin":1523,"position":2},"title":"Mich\u00e8le Maillet","author":"Reynald Drouhin","date":"7 f\u00e9vrier 2007","format":false,"excerpt":"le mercredi 7 f\u00e9vrier 2007 \u00e0 17h : Mich\u00e8le Maillet www.art-netart.com Lire l\u2019article de fluctuat.net Productrice passionn\u00e9e de la collection DVD\u2019art, Mich\u00e8le Maillet se d\u00e9m\u00e8ne sans rel\u00e2che pour promouvoir les new media arts, quels qu\u2019en soient les vecteurs de diffusion. Rencontre apr\u00e8s la FIAC et la sortie de son septi\u00e8me\u2026","rel":"","context":"Dans &quot;Conf\u00e9rences&quot;","block_context":{"text":"Conf\u00e9rences","link":"https:\/\/www.reynalddrouhin.net\/edu\/dataflow\/category\/documents\/conferences\/"},"img":{"alt_text":"","src":"https:\/\/i0.wp.com\/www.reynalddrouhin.net\/edu\/dataflow\/wp-content\/uploads\/2014\/02\/maillet2.jpg?resize=350%2C200&ssl=1","width":350,"height":200},"classes":[]},{"id":3374,"url":"https:\/\/www.reynalddrouhin.net\/edu\/dataflow\/2017\/11\/annick-bureaud\/","url_meta":{"origin":1523,"position":3},"title":"Annick Bureaud","author":"Reynald Drouhin","date":"27 novembre 2017","format":false,"excerpt":"Conf\u00e9rence le 27 novembre 2017 \u00e0 18h,\u00a0EESAB Rennes Les nouveaux r\u00e9gimes de \"l'objet\" d'art Objets connect\u00e9s, intelligence artificielle, post-internet, impression 3D, DIY, bioart, \u00e9coart : autant de directions \u2014sous-tendues par tout autant de th\u00e9ories et d'esth\u00e9tiques\u2014 qui d\u00e9finissent de nouveaux r\u00e9gimes de \"l'objet\" d'art. Nous en pr\u00e9senterons une cartographie g\u00e9n\u00e9rale\u2026","rel":"","context":"Dans &quot;Conf\u00e9rences&quot;","block_context":{"text":"Conf\u00e9rences","link":"https:\/\/www.reynalddrouhin.net\/edu\/dataflow\/category\/documents\/conferences\/"},"img":{"alt_text":"","src":"https:\/\/i0.wp.com\/www.reynalddrouhin.net\/edu\/dataflow\/wp-content\/uploads\/2017\/10\/61E77B3C-9FCC-40CD-BE6B-EFCC18973223.jpg?resize=350%2C200&ssl=1","width":350,"height":200,"srcset":"https:\/\/i0.wp.com\/www.reynalddrouhin.net\/edu\/dataflow\/wp-content\/uploads\/2017\/10\/61E77B3C-9FCC-40CD-BE6B-EFCC18973223.jpg?resize=350%2C200&ssl=1 1x, https:\/\/i0.wp.com\/www.reynalddrouhin.net\/edu\/dataflow\/wp-content\/uploads\/2017\/10\/61E77B3C-9FCC-40CD-BE6B-EFCC18973223.jpg?resize=525%2C300&ssl=1 1.5x, https:\/\/i0.wp.com\/www.reynalddrouhin.net\/edu\/dataflow\/wp-content\/uploads\/2017\/10\/61E77B3C-9FCC-40CD-BE6B-EFCC18973223.jpg?resize=700%2C400&ssl=1 2x, https:\/\/i0.wp.com\/www.reynalddrouhin.net\/edu\/dataflow\/wp-content\/uploads\/2017\/10\/61E77B3C-9FCC-40CD-BE6B-EFCC18973223.jpg?resize=1050%2C600&ssl=1 3x, https:\/\/i0.wp.com\/www.reynalddrouhin.net\/edu\/dataflow\/wp-content\/uploads\/2017\/10\/61E77B3C-9FCC-40CD-BE6B-EFCC18973223.jpg?resize=1400%2C800&ssl=1 4x"},"classes":[]},{"id":1502,"url":"https:\/\/www.reynalddrouhin.net\/edu\/dataflow\/2005\/03\/sonia-marques\/","url_meta":{"origin":1523,"position":4},"title":"Sonia Marques","author":"Reynald Drouhin","date":"2 mars 2005","format":false,"excerpt":"Sonia Marques est une artiste polyphonique. Que ce soit en \u00e9tudiant (\u00e0 l\u2019\u00e9cole sup\u00e9rieure des arts appliqu\u00e9es Duperr\u00e9 de Paris, \u00e0 l\u2019\u00e9cole nationale sup\u00e9rieure des beaux-arts de Paris et \u00e0 Emily Carr Institute de Vancouver au Canada), en enseignant dans une \u00e9cole r\u00e9gionale des beaux-arts (ESBA Angers) ou en co-fondant\u2026","rel":"","context":"Dans &quot;Artiste&quot;","block_context":{"text":"Artiste","link":"https:\/\/www.reynalddrouhin.net\/edu\/dataflow\/category\/documents\/artiste\/"},"img":{"alt_text":"","src":"https:\/\/i0.wp.com\/www.reynalddrouhin.net\/edu\/dataflow\/wp-content\/uploads\/2014\/01\/sm.jpg?resize=350%2C200&ssl=1","width":350,"height":200,"srcset":"https:\/\/i0.wp.com\/www.reynalddrouhin.net\/edu\/dataflow\/wp-content\/uploads\/2014\/01\/sm.jpg?resize=350%2C200&ssl=1 1x, https:\/\/i0.wp.com\/www.reynalddrouhin.net\/edu\/dataflow\/wp-content\/uploads\/2014\/01\/sm.jpg?resize=525%2C300&ssl=1 1.5x"},"classes":[]},{"id":1496,"url":"https:\/\/www.reynalddrouhin.net\/edu\/dataflow\/2005\/03\/nikola-jankovic\/","url_meta":{"origin":1523,"position":5},"title":"Nikola Jankovic","author":"Reynald Drouhin","date":"1 mars 2005","format":false,"excerpt":"Nikola Jankovic (1969) est architecte. Critique et commissaire d\u2019exposition, il a \u00e9t\u00e9 laur\u00e9at de l\u2019Acad\u00e9mie d\u2019Architecture pour une \u00e9tude consacr\u00e9e \u00e0 l\u2019influence des paysages d\u00e9sertiques chez l\u2019artiste James Turrell (Arizona) et chez le compositeur Harold Budd (Californie). Il ach\u00e8ve actuellement un doctorat de g\u00e9ographie consacr\u00e9 au paysage contemporain. Architecte DPLG\u2026","rel":"","context":"Dans &quot;Conf\u00e9rences&quot;","block_context":{"text":"Conf\u00e9rences","link":"https:\/\/www.reynalddrouhin.net\/edu\/dataflow\/category\/documents\/conferences\/"},"img":{"alt_text":"","src":"https:\/\/i0.wp.com\/www.reynalddrouhin.net\/edu\/dataflow\/wp-content\/uploads\/2014\/01\/nj.png?resize=350%2C200&ssl=1","width":350,"height":200,"srcset":"https:\/\/i0.wp.com\/www.reynalddrouhin.net\/edu\/dataflow\/wp-content\/uploads\/2014\/01\/nj.png?resize=350%2C200&ssl=1 1x, https:\/\/i0.wp.com\/www.reynalddrouhin.net\/edu\/dataflow\/wp-content\/uploads\/2014\/01\/nj.png?resize=525%2C300&ssl=1 1.5x"},"classes":[]}],"jetpack_sharing_enabled":true,"_links":{"self":[{"href":"https:\/\/www.reynalddrouhin.net\/edu\/dataflow\/wp-json\/wp\/v2\/posts\/1523","targetHints":{"allow":["GET"]}}],"collection":[{"href":"https:\/\/www.reynalddrouhin.net\/edu\/dataflow\/wp-json\/wp\/v2\/posts"}],"about":[{"href":"https:\/\/www.reynalddrouhin.net\/edu\/dataflow\/wp-json\/wp\/v2\/types\/post"}],"author":[{"embeddable":true,"href":"https:\/\/www.reynalddrouhin.net\/edu\/dataflow\/wp-json\/wp\/v2\/users\/20"}],"replies":[{"embeddable":true,"href":"https:\/\/www.reynalddrouhin.net\/edu\/dataflow\/wp-json\/wp\/v2\/comments?post=1523"}],"version-history":[{"count":0,"href":"https:\/\/www.reynalddrouhin.net\/edu\/dataflow\/wp-json\/wp\/v2\/posts\/1523\/revisions"}],"wp:featuredmedia":[{"embeddable":true,"href":"https:\/\/www.reynalddrouhin.net\/edu\/dataflow\/wp-json\/wp\/v2\/media\/1525"}],"wp:attachment":[{"href":"https:\/\/www.reynalddrouhin.net\/edu\/dataflow\/wp-json\/wp\/v2\/media?parent=1523"}],"wp:term":[{"taxonomy":"category","embeddable":true,"href":"https:\/\/www.reynalddrouhin.net\/edu\/dataflow\/wp-json\/wp\/v2\/categories?post=1523"},{"taxonomy":"post_tag","embeddable":true,"href":"https:\/\/www.reynalddrouhin.net\/edu\/dataflow\/wp-json\/wp\/v2\/tags?post=1523"}],"curies":[{"name":"wp","href":"https:\/\/api.w.org\/{rel}","templated":true}]}}