{"id":250,"date":"2010-11-22T03:24:06","date_gmt":"2010-11-22T01:24:06","guid":{"rendered":"http:\/\/www.reynalddrouhin.net\/edu\/dataflow\/?p=250"},"modified":"2016-01-26T11:36:08","modified_gmt":"2016-01-26T09:36:08","slug":"250","status":"publish","type":"post","link":"https:\/\/www.reynalddrouhin.net\/edu\/dataflow\/2010\/11\/250\/","title":{"rendered":"Blanc comme neige \/ L\u00e9o Usa\u00ef"},"content":{"rendered":"<div>\n<dl>\n<dd><a rel=\"attachment wp-att-255\" href=\"https:\/\/www.reynalddrouhin.net\/edu\/dataflow\/2010\/11\/250\/nocolour03bb-2\/\"><img loading=\"lazy\" decoding=\"async\" data-attachment-id=\"255\" data-permalink=\"https:\/\/www.reynalddrouhin.net\/edu\/dataflow\/2010\/11\/250\/nocolour03bb-2\/\" data-orig-file=\"https:\/\/www.reynalddrouhin.net\/edu\/dataflow\/wp-content\/uploads\/2010\/11\/nocolour03bb1.jpg\" data-orig-size=\"1417,832\" data-comments-opened=\"1\" data-image-meta=\"{&quot;aperture&quot;:&quot;3.5&quot;,&quot;credit&quot;:&quot;&quot;,&quot;camera&quot;:&quot;NIKON D40X&quot;,&quot;caption&quot;:&quot;&quot;,&quot;created_timestamp&quot;:&quot;1266422739&quot;,&quot;copyright&quot;:&quot;&quot;,&quot;focal_length&quot;:&quot;18&quot;,&quot;iso&quot;:&quot;1600&quot;,&quot;shutter_speed&quot;:&quot;0.05&quot;,&quot;title&quot;:&quot;&quot;}\" data-image-title=\"Blanc comme neige #2 #3 #4 et #6\" data-image-description=\"\" data-image-caption=\"\" data-large-file=\"https:\/\/www.reynalddrouhin.net\/edu\/dataflow\/wp-content\/uploads\/2010\/11\/nocolour03bb1-710x416.jpg\" class=\"alignleft size-medium wp-image-255\" src=\"https:\/\/www.reynalddrouhin.net\/edu\/dataflow\/wp-content\/uploads\/2010\/11\/nocolour03bb1-285x167.jpg\" alt=\"\" width=\"356\" height=\"208\" \/><\/a> <\/dd>\n<dd> <\/dd>\n<dd> <\/dd>\n<dd> <\/dd>\n<dd> <\/dd>\n<dd> <\/dd>\n<dd> <\/dd>\n<dd> <\/dd>\n<dd> <\/dd>\n<dd> <\/dd>\n<dd>Travail photographique r\u00e9alis\u00e9 lors de l&rsquo;exposition commune : \u00ab\u00a0Blanc comme neige\u00a0\u00bb , avec la Kunstkola d&rsquo;Ostestund en Su\u00e8de .<\/dd>\n<\/dl>\n<\/div>\n<p><strong>Lors de l\u2019exposition\u00a0:\u00a0\u00ab\u00a0blanc comme neige\u00a0\u00bb o\u00f9 nous \u00e9tions dans le cadre du cours de vid\u00e9o d\u2019Alain Bourges, \u00e0 Ostersund en su\u00e8de, je d\u00e9sirais intervenir \u00e0 partir d\u2019\u00e9l\u00e9ments d\u00e9couverts sur place. Je voulais que mon \u00a0travail questionne mon \u00a0identit\u00e9 de fran\u00e7ais, ainsi que \u00a0mes r\u00e9actions \u00e0 ce que j\u2019avais pu d\u00e9couvrir de l\u2019endroit ou nous \u00e9tions.<\/strong><\/p>\n<p><strong> Je travaillais alors sur la mani\u00e8re de \u00a0montrer la plus grande totalit\u00e9 d\u2019un espace, par le biais du panoramique\u00a0; donc lorsque j\u2019ai visit\u00e9 l\u2019exposition\u00a0: \u00ab\u00a0les grands ma\u00eetres\u00a0\u00bb, \u00e0 l\u2019\u00e9tage en dessous de l\u2019endroit o\u00f9 nous allions exposer nous-m\u00eames, j\u2019ai d\u00e9cid\u00e9 d\u2019en faire mon point de d\u00e9part.<\/strong><\/p>\n<p><strong> Dans la sc\u00e9nographie de cet espace, je ressentais un s\u00e9rieux d\u00e9calage avec la mani\u00e8re d\u2019accrocher dont nous avons l\u2019habitude en France\u00a0:<\/strong><\/p>\n<p><strong> Cette exposition\u00a0 prenait place \u00e0 l\u2019\u00e9tage inf\u00e9rieur du mus\u00e9e, faisant office \u00e0 la fois de mus\u00e9e d\u2019histoire naturelle, mus\u00e9e d\u2019art moderne et contemporain. L\u2019\u00e9difice en bois comme de coutume \u00a0la bas, donnais l\u2019impression d\u2019un grand chalet. Il y avait toute l\u2019histoire de la peinture repr\u00e9sent\u00e9 ici, de Picasso a de Vinci, Renoir Miro ou Warhol\u00a0; tous des copies conformes r\u00e9alis\u00e9es par des artisans peintres su\u00e9dois.<\/strong><\/p>\n<p><strong> Le surprenant parti avait \u00e9t\u00e9 pris de cr\u00e9er des \u00ab\u00a0mises en sc\u00e8nes\u00a0\u00bb autour de l\u2019accrochage de ces tableaux, ainsi, pr\u00e8s des tournesols de Van Gogh, avait-on dispos\u00e9 de vrais tournesols, pr\u00e8s des peintres fran\u00e7ais, un \u00ab\u00a0caf\u00e9 parisien\u00a0\u00bb faisait office de caf\u00e9t\u00e9ria, et parfois d\u2019atelier peinture pour les enfants, ou encore un n\u00e9on bleu \u00e9clairait la pi\u00e8ce ou se trouvait un bleu de Klein , ainsi de suite.<\/strong><\/p>\n<p><strong> Le titre de notre exposition en commun avec les \u00e9l\u00e8ves de la Kuntskola d\u2019Ostersund, \u00e9tait\u00a0: \u00ab\u00a0blanc comme neige\u00a0\u00bb, expression \u00e0 double sens\u00a0; Sugg\u00e9rant une roublardise d\u2019innocent aux mains pleines ainsi qu\u2019une pointe d\u2019humour. Il faut aussi garder en t\u00eate qu\u2019en su\u00e8de en f\u00e9vrier, il fait -25\u00b0C dehors et tout est recouvert par un m\u00e8tre de neige, ce titre est donc a l\u2019origine du travail que j\u2019ai mis en place.<\/strong><\/p>\n<p><strong> J\u2019ai pris en photos l\u2019int\u00e9gralit\u00e9 de l\u2019exposition , en utilisant la technique du panoramique , ensuite ,comme si j\u2019appliquais une r\u00e9serve sur les tableaux de chaque prise de vue , j\u2019ai recouvert de peinture blanche l\u2019ensemble des tableaux , ne laissant plus appara\u00eetre que l\u2019espace d\u2019exposition lui m\u00eame , mettant en lumi\u00e8re , gr\u00e2ce a ces \u00e9crans vides , ces \u00ab\u00a0white cube\u00a0\u00bb rempla\u00e7ant d\u00e9sormais les copies , son originalit\u00e9 et son incongruit\u00e9 du moins ce que j\u2019en avait per\u00e7u .<\/strong><\/p>\n<p><strong> Cet espace vid\u00e9 d\u00e9sormais de son art est ainsi lui m\u00eame devenu paysage, sujet d\u2019une s\u00e9rie photographique tir\u00e9e en 3 m\u00e8tres sur 1 et install\u00e9e a l\u2019\u00e9tage juste au dessus de l\u2019exposition cit\u00e9e, afin que les visiteurs les associent dans un parcours commun.<\/strong><\/p>\n<p style=\"text-align: left;\"><strong> La logistique dont j\u2019ai pu disposer, tel cette grande imprimante ainsi que l\u2019obligation (le voyage durant en tout et pour tout 5 jours) de trouver et d\u2019exploiter un sujet, puis l\u2019amener jusqu\u2019a son terme dans un temps si r\u00e9duit, m\u2019ont permis d\u2019amener ces s\u00e9ries de panoramiques\u00a0 a un niveau d\u2019efficacit\u00e9 que je n\u2019avais pas obtenu jusque la, leur donnant un aspect plus termin\u00e9 et assum\u00e9.<\/strong><\/p>\n","protected":false},"excerpt":{"rendered":"<p>Travail photographique r\u00e9alis\u00e9 lors de l&rsquo;exposition commune : \u00ab\u00a0Blanc comme neige\u00a0\u00bb , avec la Kunstkola d&rsquo;Ostestund en Su\u00e8de . Lors de l\u2019exposition\u00a0:\u00a0\u00ab\u00a0blanc comme neige\u00a0\u00bb o\u00f9 nous \u00e9tions dans&#8230;<\/p>\n","protected":false},"author":20,"featured_media":255,"comment_status":"open","ping_status":"open","sticky":false,"template":"","format":"standard","meta":{"jetpack_post_was_ever_published":false,"_jetpack_newsletter_access":"","_jetpack_dont_email_post_to_subs":false,"_jetpack_newsletter_tier_id":0,"_jetpack_memberships_contains_paywalled_content":false,"_jetpack_memberships_contains_paid_content":false,"footnotes":""},"categories":[37,4],"tags":[38,40,39],"class_list":["post-250","post","type-post","status-publish","format-standard","has-post-thumbnail","hentry","category-etudiants","category-projets","tag-blanc","tag-monochrome","tag-neige"],"jetpack_featured_media_url":"https:\/\/www.reynalddrouhin.net\/edu\/dataflow\/wp-content\/uploads\/2010\/11\/nocolour03bb1.jpg","jetpack_shortlink":"https:\/\/wp.me\/s72hC6-250","jetpack-related-posts":[{"id":4977,"url":"https:\/\/www.reynalddrouhin.net\/edu\/dataflow\/2023\/03\/atika-camara-dys-paraitre\/","url_meta":{"origin":250,"position":0},"title":"Atika Camara \/ Dys-para\u00eetre","author":"Reynald Drouhin","date":"14 mars 2023","format":false,"excerpt":"\u00a0 Ce travail interroge la trace de l'homme sur son environnement \u00e0 travers diff\u00e9rentes exp\u00e9riences, r\u00e9flexion, et critiques L'impact que l'homme a sur son environnement n'est plus \u00e0 d\u00e9montrer que nous \u00e9tions l'arme fatale de la vie animale et v\u00e9g\u00e9tal, nous avons pomp\u00e9, d\u00e9truit, exploit\u00e9s, modifi\u00e9s pratiquement la totalit\u00e9 de\u2026","rel":"","context":"Dans &quot;\u00c9tudiants&quot;","block_context":{"text":"\u00c9tudiants","link":"https:\/\/www.reynalddrouhin.net\/edu\/dataflow\/category\/projets\/etudiants\/"},"img":{"alt_text":"","src":"https:\/\/i0.wp.com\/www.reynalddrouhin.net\/edu\/dataflow\/wp-content\/uploads\/2023\/03\/IMG_0911-scaled.jpg?resize=350%2C200&ssl=1","width":350,"height":200,"srcset":"https:\/\/i0.wp.com\/www.reynalddrouhin.net\/edu\/dataflow\/wp-content\/uploads\/2023\/03\/IMG_0911-scaled.jpg?resize=350%2C200&ssl=1 1x, https:\/\/i0.wp.com\/www.reynalddrouhin.net\/edu\/dataflow\/wp-content\/uploads\/2023\/03\/IMG_0911-scaled.jpg?resize=525%2C300&ssl=1 1.5x, https:\/\/i0.wp.com\/www.reynalddrouhin.net\/edu\/dataflow\/wp-content\/uploads\/2023\/03\/IMG_0911-scaled.jpg?resize=700%2C400&ssl=1 2x, https:\/\/i0.wp.com\/www.reynalddrouhin.net\/edu\/dataflow\/wp-content\/uploads\/2023\/03\/IMG_0911-scaled.jpg?resize=1050%2C600&ssl=1 3x, https:\/\/i0.wp.com\/www.reynalddrouhin.net\/edu\/dataflow\/wp-content\/uploads\/2023\/03\/IMG_0911-scaled.jpg?resize=1400%2C800&ssl=1 4x"},"classes":[]},{"id":780,"url":"https:\/\/www.reynalddrouhin.net\/edu\/dataflow\/2011\/03\/cette-exposition-qui-naura-pas-lieu\/","url_meta":{"origin":250,"position":1},"title":"Cette exposition qui n&rsquo;aura pas lieu","author":"Reynald Drouhin","date":"28 mars 2011","format":false,"excerpt":"Nous allons lister les projets ici pour une exposition fictive qui aurait pu avoir lieu... la d\u00e9mat\u00e9rialisation est compl\u00e8te Annabel Aoun \"Insectes\" ? Chlo\u00e9 Steigelmann \"Poster\" hand ball Cl\u00e9ment Le Pallec : photos \"Marcher au pas\" Coline Faucon \"Cours d'esth\u00e9tique\"\u00a0http:\/\/dematerialisation.tumblr.com\/ La\u00ebtitia Desauw \"Carte en volume\" L\u00e9o Usa\u00ef \"P\u00e9rimetre\" (les poutres)\u2026","rel":"","context":"Dans &quot;\u00c9tudiants&quot;","block_context":{"text":"\u00c9tudiants","link":"https:\/\/www.reynalddrouhin.net\/edu\/dataflow\/category\/projets\/etudiants\/"},"img":{"alt_text":"","src":"https:\/\/i0.wp.com\/www.reynalddrouhin.net\/edu\/dataflow\/wp-content\/uploads\/2011\/03\/cubes.jpg?resize=350%2C200&ssl=1","width":350,"height":200,"srcset":"https:\/\/i0.wp.com\/www.reynalddrouhin.net\/edu\/dataflow\/wp-content\/uploads\/2011\/03\/cubes.jpg?resize=350%2C200&ssl=1 1x, https:\/\/i0.wp.com\/www.reynalddrouhin.net\/edu\/dataflow\/wp-content\/uploads\/2011\/03\/cubes.jpg?resize=525%2C300&ssl=1 1.5x"},"classes":[]},{"id":5009,"url":"https:\/\/www.reynalddrouhin.net\/edu\/dataflow\/2023\/03\/effondrements-en-cours\/","url_meta":{"origin":250,"position":2},"title":"Effondrements en cours","author":"Reynald Drouhin","date":"27 mars 2023","format":false,"excerpt":"Exposition du 3 au 8 avril 2023 de 10h \u00e0 17h en semaine et le samedi de 14h \u00e0 19h Vernissage le lundi 3 avril 2023 \u00e0 17h30 H\u00f4tel Pasteur, 2 place Pasteur 35000 Rennes Avec Nathan Albert, Alexandra Bessette, Mo Blanc, Atika Camara, Alexandre Campos, R\u00e9mi Daumesnil, Camille Devaux,\u2026","rel":"","context":"Dans &quot;\u00c9tudiants&quot;","block_context":{"text":"\u00c9tudiants","link":"https:\/\/www.reynalddrouhin.net\/edu\/dataflow\/category\/projets\/etudiants\/"},"img":{"alt_text":"","src":"https:\/\/i0.wp.com\/www.reynalddrouhin.net\/edu\/dataflow\/wp-content\/uploads\/2023\/03\/Affiche_detail.jpg?resize=350%2C200&ssl=1","width":350,"height":200,"srcset":"https:\/\/i0.wp.com\/www.reynalddrouhin.net\/edu\/dataflow\/wp-content\/uploads\/2023\/03\/Affiche_detail.jpg?resize=350%2C200&ssl=1 1x, https:\/\/i0.wp.com\/www.reynalddrouhin.net\/edu\/dataflow\/wp-content\/uploads\/2023\/03\/Affiche_detail.jpg?resize=525%2C300&ssl=1 1.5x, https:\/\/i0.wp.com\/www.reynalddrouhin.net\/edu\/dataflow\/wp-content\/uploads\/2023\/03\/Affiche_detail.jpg?resize=700%2C400&ssl=1 2x"},"classes":[]},{"id":3382,"url":"https:\/\/www.reynalddrouhin.net\/edu\/dataflow\/2018\/02\/projet-expo-gvq\/","url_meta":{"origin":250,"position":3},"title":"Projet expo GVQ &#8211; Temps Libre","author":"Reynald Drouhin","date":"12 f\u00e9vrier 2018","format":false,"excerpt":"Alumni EESAB Rennes 2018 - Suivi professionnel - in\u00a0Progress Exposition de groupe \u00e0 la galerie Vanessa Quang,\u00a07 Rue des Filles du Calvaire, 75003 Paris : Avril 2018 http:\/\/gvqgallery.com Planning Date : accrochage semaine du 2 avril au 5 avril 2018 Vernissage le vendredi 6 avril 2018 Exposition du 6 au\u2026","rel":"","context":"Dans &quot;\u00c9tudiants&quot;","block_context":{"text":"\u00c9tudiants","link":"https:\/\/www.reynalddrouhin.net\/edu\/dataflow\/category\/projets\/etudiants\/"},"img":{"alt_text":"","src":"https:\/\/i0.wp.com\/www.reynalddrouhin.net\/edu\/dataflow\/wp-content\/uploads\/2018\/02\/alexandre-barre-sans-titre-sans-date-1-290x290.jpg?resize=350%2C200&ssl=1","width":350,"height":200,"srcset":"https:\/\/i0.wp.com\/www.reynalddrouhin.net\/edu\/dataflow\/wp-content\/uploads\/2018\/02\/alexandre-barre-sans-titre-sans-date-1-290x290.jpg?resize=350%2C200&ssl=1 1x, https:\/\/i0.wp.com\/www.reynalddrouhin.net\/edu\/dataflow\/wp-content\/uploads\/2018\/02\/alexandre-barre-sans-titre-sans-date-1-290x290.jpg?resize=525%2C300&ssl=1 1.5x, https:\/\/i0.wp.com\/www.reynalddrouhin.net\/edu\/dataflow\/wp-content\/uploads\/2018\/02\/alexandre-barre-sans-titre-sans-date-1-290x290.jpg?resize=700%2C400&ssl=1 2x, https:\/\/i0.wp.com\/www.reynalddrouhin.net\/edu\/dataflow\/wp-content\/uploads\/2018\/02\/alexandre-barre-sans-titre-sans-date-1-290x290.jpg?resize=1050%2C600&ssl=1 3x, https:\/\/i0.wp.com\/www.reynalddrouhin.net\/edu\/dataflow\/wp-content\/uploads\/2018\/02\/alexandre-barre-sans-titre-sans-date-1-290x290.jpg?resize=1400%2C800&ssl=1 4x"},"classes":[]},{"id":4891,"url":"https:\/\/www.reynalddrouhin.net\/edu\/dataflow\/2023\/02\/mo-blanc-en-quete-a-la-galerie-awen\/","url_meta":{"origin":250,"position":4},"title":"Mo \/ En Qu\u00eate &#8211; Voyage n\u00b01","author":"Reynald Drouhin","date":"21 f\u00e9vrier 2023","format":false,"excerpt":"1er Voyage \u00e0 la rencontre de lieux de vie d'artistes. Les assises, t\u00e9moins de leurs pr\u00e9sences sereines. Les textes, des bouts de leurs r\u00e9cits. Ces artistes imaginent et construisent un monde post-capitaloc\u00e8ne. Iels le cr\u00e9ent gr\u00e2ce \u00e0 une recherche active de coh\u00e9rence entre leurs convictions et leurs modes de vie.\u2026","rel":"","context":"Dans &quot;\u00c9tudiants&quot;","block_context":{"text":"\u00c9tudiants","link":"https:\/\/www.reynalddrouhin.net\/edu\/dataflow\/category\/projets\/etudiants\/"},"img":{"alt_text":"","src":"https:\/\/i0.wp.com\/www.reynalddrouhin.net\/edu\/dataflow\/wp-content\/uploads\/2023\/02\/MG_8247recadreeeteclaircie-scaled.jpg?resize=350%2C200&ssl=1","width":350,"height":200,"srcset":"https:\/\/i0.wp.com\/www.reynalddrouhin.net\/edu\/dataflow\/wp-content\/uploads\/2023\/02\/MG_8247recadreeeteclaircie-scaled.jpg?resize=350%2C200&ssl=1 1x, https:\/\/i0.wp.com\/www.reynalddrouhin.net\/edu\/dataflow\/wp-content\/uploads\/2023\/02\/MG_8247recadreeeteclaircie-scaled.jpg?resize=525%2C300&ssl=1 1.5x, https:\/\/i0.wp.com\/www.reynalddrouhin.net\/edu\/dataflow\/wp-content\/uploads\/2023\/02\/MG_8247recadreeeteclaircie-scaled.jpg?resize=700%2C400&ssl=1 2x, https:\/\/i0.wp.com\/www.reynalddrouhin.net\/edu\/dataflow\/wp-content\/uploads\/2023\/02\/MG_8247recadreeeteclaircie-scaled.jpg?resize=1050%2C600&ssl=1 3x, https:\/\/i0.wp.com\/www.reynalddrouhin.net\/edu\/dataflow\/wp-content\/uploads\/2023\/02\/MG_8247recadreeeteclaircie-scaled.jpg?resize=1400%2C800&ssl=1 4x"},"classes":[]},{"id":5617,"url":"https:\/\/www.reynalddrouhin.net\/edu\/dataflow\/2024\/04\/fragments-dhistoires-louna-garand\/","url_meta":{"origin":250,"position":5},"title":"Fragments d&rsquo;histoires \/ Louna Garand","author":"Reynald Drouhin","date":"5 avril 2024","format":false,"excerpt":"\u2022 Cre\u0301er une structure en assemblant des diapositives trouve\u0301es, re\u0301cupe\u0301re\u0301es a\u0300 diffe\u0301rents endroits; marche\u0301s aux puces, sur le web, etc. \u2022 Toutes ces diapositives te\u0301moignent d'histoires intimes d'e\u0301poques et de re\u0301gions diffe\u0301rentes. Relie\u0301es par de petits anneaux en me\u0301tal, accroche\u0301es comme un rideau sur une barre de me\u0301tal de\u0301cale\u0301e a\u0300\u2026","rel":"","context":"Dans &quot;\u00c9tudiants&quot;","block_context":{"text":"\u00c9tudiants","link":"https:\/\/www.reynalddrouhin.net\/edu\/dataflow\/category\/projets\/etudiants\/"},"img":{"alt_text":"","src":"https:\/\/i0.wp.com\/www.reynalddrouhin.net\/edu\/dataflow\/wp-content\/uploads\/2024\/05\/IMG_3868.jpg?resize=350%2C200&ssl=1","width":350,"height":200,"srcset":"https:\/\/i0.wp.com\/www.reynalddrouhin.net\/edu\/dataflow\/wp-content\/uploads\/2024\/05\/IMG_3868.jpg?resize=350%2C200&ssl=1 1x, https:\/\/i0.wp.com\/www.reynalddrouhin.net\/edu\/dataflow\/wp-content\/uploads\/2024\/05\/IMG_3868.jpg?resize=525%2C300&ssl=1 1.5x, https:\/\/i0.wp.com\/www.reynalddrouhin.net\/edu\/dataflow\/wp-content\/uploads\/2024\/05\/IMG_3868.jpg?resize=700%2C400&ssl=1 2x, https:\/\/i0.wp.com\/www.reynalddrouhin.net\/edu\/dataflow\/wp-content\/uploads\/2024\/05\/IMG_3868.jpg?resize=1050%2C600&ssl=1 3x, https:\/\/i0.wp.com\/www.reynalddrouhin.net\/edu\/dataflow\/wp-content\/uploads\/2024\/05\/IMG_3868.jpg?resize=1400%2C800&ssl=1 4x"},"classes":[]}],"jetpack_sharing_enabled":true,"_links":{"self":[{"href":"https:\/\/www.reynalddrouhin.net\/edu\/dataflow\/wp-json\/wp\/v2\/posts\/250","targetHints":{"allow":["GET"]}}],"collection":[{"href":"https:\/\/www.reynalddrouhin.net\/edu\/dataflow\/wp-json\/wp\/v2\/posts"}],"about":[{"href":"https:\/\/www.reynalddrouhin.net\/edu\/dataflow\/wp-json\/wp\/v2\/types\/post"}],"author":[{"embeddable":true,"href":"https:\/\/www.reynalddrouhin.net\/edu\/dataflow\/wp-json\/wp\/v2\/users\/20"}],"replies":[{"embeddable":true,"href":"https:\/\/www.reynalddrouhin.net\/edu\/dataflow\/wp-json\/wp\/v2\/comments?post=250"}],"version-history":[{"count":0,"href":"https:\/\/www.reynalddrouhin.net\/edu\/dataflow\/wp-json\/wp\/v2\/posts\/250\/revisions"}],"wp:featuredmedia":[{"embeddable":true,"href":"https:\/\/www.reynalddrouhin.net\/edu\/dataflow\/wp-json\/wp\/v2\/media\/255"}],"wp:attachment":[{"href":"https:\/\/www.reynalddrouhin.net\/edu\/dataflow\/wp-json\/wp\/v2\/media?parent=250"}],"wp:term":[{"taxonomy":"category","embeddable":true,"href":"https:\/\/www.reynalddrouhin.net\/edu\/dataflow\/wp-json\/wp\/v2\/categories?post=250"},{"taxonomy":"post_tag","embeddable":true,"href":"https:\/\/www.reynalddrouhin.net\/edu\/dataflow\/wp-json\/wp\/v2\/tags?post=250"}],"curies":[{"name":"wp","href":"https:\/\/api.w.org\/{rel}","templated":true}]}}