{"id":2827,"date":"2017-01-18T17:35:30","date_gmt":"2017-01-18T15:35:30","guid":{"rendered":"http:\/\/www.reynalddrouhin.net\/edu\/dataflow\/?p=2827"},"modified":"2017-01-18T17:37:30","modified_gmt":"2017-01-18T15:37:30","slug":"la-capitale-dechue-zhen-liu","status":"publish","type":"post","link":"https:\/\/www.reynalddrouhin.net\/edu\/dataflow\/2017\/01\/la-capitale-dechue-zhen-liu\/","title":{"rendered":"La capitale d\u00e9chue, Zhen Liu"},"content":{"rendered":"<p>Zhen Liu<\/p>\n<p><a href=\"https:\/\/www.reynalddrouhin.net\/edu\/dataflow\/wp-content\/uploads\/2017\/01\/zl2.jpg\"><img loading=\"lazy\" decoding=\"async\" data-attachment-id=\"2830\" data-permalink=\"https:\/\/www.reynalddrouhin.net\/edu\/dataflow\/2017\/01\/la-capitale-dechue-zhen-liu\/zl2\/\" data-orig-file=\"https:\/\/www.reynalddrouhin.net\/edu\/dataflow\/wp-content\/uploads\/2017\/01\/zl2.jpg\" data-orig-size=\"2048,1536\" data-comments-opened=\"0\" data-image-meta=\"{&quot;aperture&quot;:&quot;0&quot;,&quot;credit&quot;:&quot;&quot;,&quot;camera&quot;:&quot;&quot;,&quot;caption&quot;:&quot;&quot;,&quot;created_timestamp&quot;:&quot;0&quot;,&quot;copyright&quot;:&quot;&quot;,&quot;focal_length&quot;:&quot;0&quot;,&quot;iso&quot;:&quot;0&quot;,&quot;shutter_speed&quot;:&quot;0&quot;,&quot;title&quot;:&quot;&quot;,&quot;orientation&quot;:&quot;1&quot;}\" data-image-title=\"zl2\" data-image-description=\"\" data-image-caption=\"\" data-large-file=\"https:\/\/www.reynalddrouhin.net\/edu\/dataflow\/wp-content\/uploads\/2017\/01\/zl2-710x533.jpg\" class=\"alignnone size-large wp-image-2830\" src=\"https:\/\/www.reynalddrouhin.net\/edu\/dataflow\/wp-content\/uploads\/2017\/01\/zl2-710x533.jpg\" alt=\"\" width=\"620\" height=\"465\" srcset=\"https:\/\/www.reynalddrouhin.net\/edu\/dataflow\/wp-content\/uploads\/2017\/01\/zl2-710x533.jpg 710w, https:\/\/www.reynalddrouhin.net\/edu\/dataflow\/wp-content\/uploads\/2017\/01\/zl2-300x225.jpg 300w, https:\/\/www.reynalddrouhin.net\/edu\/dataflow\/wp-content\/uploads\/2017\/01\/zl2-768x576.jpg 768w, https:\/\/www.reynalddrouhin.net\/edu\/dataflow\/wp-content\/uploads\/2017\/01\/zl2-973x730.jpg 973w, https:\/\/www.reynalddrouhin.net\/edu\/dataflow\/wp-content\/uploads\/2017\/01\/zl2-508x381.jpg 508w, https:\/\/www.reynalddrouhin.net\/edu\/dataflow\/wp-content\/uploads\/2017\/01\/zl2.jpg 2048w\" sizes=\"auto, (max-width: 620px) 100vw, 620px\" \/><\/a><\/p>\n","protected":false},"excerpt":{"rendered":"<p>Zhen Liu<\/p>\n","protected":false},"author":20,"featured_media":2830,"comment_status":"closed","ping_status":"open","sticky":false,"template":"","format":"standard","meta":{"jetpack_post_was_ever_published":false,"_jetpack_newsletter_access":"","_jetpack_dont_email_post_to_subs":true,"_jetpack_newsletter_tier_id":0,"_jetpack_memberships_contains_paywalled_content":false,"_jetpack_memberships_contains_paid_content":false,"footnotes":""},"categories":[37,5],"tags":[382,470,207,155,471,29,472],"class_list":["post-2827","post","type-post","status-publish","format-standard","has-post-thumbnail","hentry","category-etudiants","category-recherches","tag-censure","tag-colis","tag-echange","tag-espace","tag-poste","tag-temps","tag-traduction"],"jetpack_featured_media_url":"https:\/\/www.reynalddrouhin.net\/edu\/dataflow\/wp-content\/uploads\/2017\/01\/zl2.jpg","jetpack_shortlink":"https:\/\/wp.me\/p72hC6-JB","jetpack-related-posts":[{"id":3096,"url":"https:\/\/www.reynalddrouhin.net\/edu\/dataflow\/2017\/03\/negation-zhen-liu\/","url_meta":{"origin":2827,"position":0},"title":"Limite Arbitraire, Zhen Liu","author":"Reynald Drouhin","date":"14 mars 2017","format":false,"excerpt":"2017, vid\u00e9o 3min51s \u00c0 partir de recherches sur la censure dans la\u00a0litt\u00e9rature chinoise, mon travail pose la question de savoir comment une \u0153uvre d\u2019art peut raconter une histoire. Comment trouver une fa\u00e7on de repr\u00e9senter des documentaires et des archives? Comment d\u00e9construire les formes narratives habituelles? La Capitale d\u00e9chue, (Fei du)\u2026","rel":"","context":"Dans &quot;Documents&quot;","block_context":{"text":"Documents","link":"https:\/\/www.reynalddrouhin.net\/edu\/dataflow\/category\/documents\/"},"img":{"alt_text":"","src":"https:\/\/i0.wp.com\/www.reynalddrouhin.net\/edu\/dataflow\/wp-content\/uploads\/2017\/03\/n.png?resize=350%2C200&ssl=1","width":350,"height":200,"srcset":"https:\/\/i0.wp.com\/www.reynalddrouhin.net\/edu\/dataflow\/wp-content\/uploads\/2017\/03\/n.png?resize=350%2C200&ssl=1 1x, https:\/\/i0.wp.com\/www.reynalddrouhin.net\/edu\/dataflow\/wp-content\/uploads\/2017\/03\/n.png?resize=525%2C300&ssl=1 1.5x, https:\/\/i0.wp.com\/www.reynalddrouhin.net\/edu\/dataflow\/wp-content\/uploads\/2017\/03\/n.png?resize=700%2C400&ssl=1 2x, https:\/\/i0.wp.com\/www.reynalddrouhin.net\/edu\/dataflow\/wp-content\/uploads\/2017\/03\/n.png?resize=1050%2C600&ssl=1 3x, https:\/\/i0.wp.com\/www.reynalddrouhin.net\/edu\/dataflow\/wp-content\/uploads\/2017\/03\/n.png?resize=1400%2C800&ssl=1 4x"},"classes":[]},{"id":2833,"url":"https:\/\/www.reynalddrouhin.net\/edu\/dataflow\/2017\/03\/deconnexions\/","url_meta":{"origin":2827,"position":1},"title":"D\u00e9connexions","author":"Reynald Drouhin","date":"15 mars 2017","format":false,"excerpt":"Exposition Exposition \"D\u00e9connexions\" du 2 au 12 mai 2017 de 12h \u00e0 18h du mardi au samedi \u00e0 la galerie Vanessa Quang,\u00a07,\u00a0Rue des Filles-du-Calvaire,\u00a075003 Paris Vernissage le 2 mai 2017 de 18h \u00e0 21h L\u2019EESAB \u2013 Rennes et la Galerie Vanessa Quang pr\u00e9sentent D\u00c9CONNEXIONS GROUP SHOW Une proposition de Reynald\u2026","rel":"","context":"Dans &quot;Expositions&quot;","block_context":{"text":"Expositions","link":"https:\/\/www.reynalddrouhin.net\/edu\/dataflow\/category\/projets\/expositions\/"},"img":{"alt_text":"","src":"https:\/\/i0.wp.com\/www.reynalddrouhin.net\/edu\/dataflow\/wp-content\/uploads\/2017\/02\/invitation-HD.png?resize=350%2C200&ssl=1","width":350,"height":200,"srcset":"https:\/\/i0.wp.com\/www.reynalddrouhin.net\/edu\/dataflow\/wp-content\/uploads\/2017\/02\/invitation-HD.png?resize=350%2C200&ssl=1 1x, https:\/\/i0.wp.com\/www.reynalddrouhin.net\/edu\/dataflow\/wp-content\/uploads\/2017\/02\/invitation-HD.png?resize=525%2C300&ssl=1 1.5x, https:\/\/i0.wp.com\/www.reynalddrouhin.net\/edu\/dataflow\/wp-content\/uploads\/2017\/02\/invitation-HD.png?resize=700%2C400&ssl=1 2x, https:\/\/i0.wp.com\/www.reynalddrouhin.net\/edu\/dataflow\/wp-content\/uploads\/2017\/02\/invitation-HD.png?resize=1050%2C600&ssl=1 3x, https:\/\/i0.wp.com\/www.reynalddrouhin.net\/edu\/dataflow\/wp-content\/uploads\/2017\/02\/invitation-HD.png?resize=1400%2C800&ssl=1 4x"},"classes":[]},{"id":4640,"url":"https:\/\/www.reynalddrouhin.net\/edu\/dataflow\/2022\/05\/semoirs-fiona-persichetti\/","url_meta":{"origin":2827,"position":2},"title":"Semoirs \/ Fiona Persichetti","author":"Reynald Drouhin","date":"14 mai 2022","format":false,"excerpt":"\u00abARTICLE DEUX. L\u2019espace public est l\u2019espace qui n\u2019appartient \u00e0 personne. Ce qui n\u2019appartient \u00e0 personne appartient \u00e0 l\u2019Etat. L\u2019Etat conc\u00e8de \u00e0 la s\u00e9miocratie marchande l\u2019occupation de l\u2019espace susdit.\u00bb \u00a0TIQQUN, \u00ab Dernier avertissement au parti imaginaire \u00bb Revue Tiqqun n\u00b0 2, octobre 2001. La ville est un produit, l\u2019espace public un\u2026","rel":"","context":"Dans &quot;\u00c9tudiants&quot;","block_context":{"text":"\u00c9tudiants","link":"https:\/\/www.reynalddrouhin.net\/edu\/dataflow\/category\/projets\/etudiants\/"},"img":{"alt_text":"","src":"https:\/\/i0.wp.com\/www.reynalddrouhin.net\/edu\/dataflow\/wp-content\/uploads\/2022\/05\/1l-scaled.jpg?resize=350%2C200&ssl=1","width":350,"height":200,"srcset":"https:\/\/i0.wp.com\/www.reynalddrouhin.net\/edu\/dataflow\/wp-content\/uploads\/2022\/05\/1l-scaled.jpg?resize=350%2C200&ssl=1 1x, https:\/\/i0.wp.com\/www.reynalddrouhin.net\/edu\/dataflow\/wp-content\/uploads\/2022\/05\/1l-scaled.jpg?resize=525%2C300&ssl=1 1.5x, https:\/\/i0.wp.com\/www.reynalddrouhin.net\/edu\/dataflow\/wp-content\/uploads\/2022\/05\/1l-scaled.jpg?resize=700%2C400&ssl=1 2x, https:\/\/i0.wp.com\/www.reynalddrouhin.net\/edu\/dataflow\/wp-content\/uploads\/2022\/05\/1l-scaled.jpg?resize=1050%2C600&ssl=1 3x, https:\/\/i0.wp.com\/www.reynalddrouhin.net\/edu\/dataflow\/wp-content\/uploads\/2022\/05\/1l-scaled.jpg?resize=1400%2C800&ssl=1 4x"},"classes":[]},{"id":1476,"url":"https:\/\/www.reynalddrouhin.net\/edu\/dataflow\/2000\/10\/daouzek\/","url_meta":{"origin":2827,"position":3},"title":"Daouzek","author":"Reynald Drouhin","date":"10 octobre 2000","format":false,"excerpt":"Atelier transversal :\u00a0Daouzek\u00a0r\u00e9alis\u00e9 en 2000-2001 \u00e0 Rennes. Projet suivi par Reynald Drouhin, dans le cadre de l\u2019atelier transversal \u00ab\u00a0communaut\u00e9, \u00e9change, transmission sur le web\u00a0\u00bb R\u00e9aliser un projet collectif sur le net avec des \u00e9tudiants \u00e0 l\u2019\u00e9cole r\u00e9gionale des beaux-arts de Rennes, une tentative pour des \u00e9tudiants qui d\u00e9couvraient ce m\u00e9dium\u2026","rel":"","context":"Dans &quot;\u00c9tudiants&quot;","block_context":{"text":"\u00c9tudiants","link":"https:\/\/www.reynalddrouhin.net\/edu\/dataflow\/category\/projets\/etudiants\/"},"img":{"alt_text":"","src":"https:\/\/i0.wp.com\/www.reynalddrouhin.net\/edu\/dataflow\/wp-content\/uploads\/2014\/01\/daouzek.png?resize=350%2C200&ssl=1","width":350,"height":200,"srcset":"https:\/\/i0.wp.com\/www.reynalddrouhin.net\/edu\/dataflow\/wp-content\/uploads\/2014\/01\/daouzek.png?resize=350%2C200&ssl=1 1x, https:\/\/i0.wp.com\/www.reynalddrouhin.net\/edu\/dataflow\/wp-content\/uploads\/2014\/01\/daouzek.png?resize=525%2C300&ssl=1 1.5x, https:\/\/i0.wp.com\/www.reynalddrouhin.net\/edu\/dataflow\/wp-content\/uploads\/2014\/01\/daouzek.png?resize=700%2C400&ssl=1 2x"},"classes":[]},{"id":4367,"url":"https:\/\/www.reynalddrouhin.net\/edu\/dataflow\/2022\/01\/que-restera-t-il-orlane-bourcigaux\/","url_meta":{"origin":2827,"position":4},"title":"Que restera-t-il ? \/ Orlane Bourcigaux","author":"Reynald Drouhin","date":"6 janvier 2022","format":false,"excerpt":"\" QUE RESTERA-T-IL ? Quelles traces laisserons-nous aux (hypoth\u00e9tiques) g\u00e9n\u00e9rations futures ? Il n'y aura pas de ruines, pas comme on l'entend. Notre architecture n'est plus con\u00e7ue pour survivre au temps long. Mais une partie de ce que nous avons produit, oui : nos d\u00e9chets. Les d\u00e9chets seront-ils les ruines\u2026","rel":"","context":"Dans &quot;\u00c9tudiants&quot;","block_context":{"text":"\u00c9tudiants","link":"https:\/\/www.reynalddrouhin.net\/edu\/dataflow\/category\/projets\/etudiants\/"},"img":{"alt_text":"","src":"https:\/\/i0.wp.com\/www.reynalddrouhin.net\/edu\/dataflow\/wp-content\/uploads\/2021\/12\/06-01-2022-Test-Nume%CC%81rique-1-min.jpg?resize=350%2C200&ssl=1","width":350,"height":200,"srcset":"https:\/\/i0.wp.com\/www.reynalddrouhin.net\/edu\/dataflow\/wp-content\/uploads\/2021\/12\/06-01-2022-Test-Nume%CC%81rique-1-min.jpg?resize=350%2C200&ssl=1 1x, https:\/\/i0.wp.com\/www.reynalddrouhin.net\/edu\/dataflow\/wp-content\/uploads\/2021\/12\/06-01-2022-Test-Nume%CC%81rique-1-min.jpg?resize=525%2C300&ssl=1 1.5x, https:\/\/i0.wp.com\/www.reynalddrouhin.net\/edu\/dataflow\/wp-content\/uploads\/2021\/12\/06-01-2022-Test-Nume%CC%81rique-1-min.jpg?resize=700%2C400&ssl=1 2x, https:\/\/i0.wp.com\/www.reynalddrouhin.net\/edu\/dataflow\/wp-content\/uploads\/2021\/12\/06-01-2022-Test-Nume%CC%81rique-1-min.jpg?resize=1050%2C600&ssl=1 3x, https:\/\/i0.wp.com\/www.reynalddrouhin.net\/edu\/dataflow\/wp-content\/uploads\/2021\/12\/06-01-2022-Test-Nume%CC%81rique-1-min.jpg?resize=1400%2C800&ssl=1 4x"},"classes":[]},{"id":4446,"url":"https:\/\/www.reynalddrouhin.net\/edu\/dataflow\/2021\/12\/la-photographie-post-effondrement-geoffrey-montagu\/","url_meta":{"origin":2827,"position":5},"title":"La photographie post-effondrement \/ Geoffrey Montagu","author":"Reynald Drouhin","date":"16 d\u00e9cembre 2021","format":false,"excerpt":"Mon objectif \u00e9tait initialement de trouver des moyens de faire de la photographie apr\u00e8s l'effondrement de la soci\u00e9t\u00e9. Comment, \u00e0 partir de rien (ou presque) fabriquer le n\u00e9cessaire pour documenter le monde post-effondrement ? J'ai commenc\u00e9 \u00e0 m'int\u00e9resser \u00e0 l'antotype, une technique photographique utilisant la photosynth\u00e8se des v\u00e9g\u00e9taux pour leurs\u2026","rel":"","context":"Dans &quot;\u00c9tudiants&quot;","block_context":{"text":"\u00c9tudiants","link":"https:\/\/www.reynalddrouhin.net\/edu\/dataflow\/category\/projets\/etudiants\/"},"img":{"alt_text":"","src":"https:\/\/i0.wp.com\/www.reynalddrouhin.net\/edu\/dataflow\/wp-content\/uploads\/2021\/12\/Alguaegraphie-1.jpg?resize=350%2C200&ssl=1","width":350,"height":200,"srcset":"https:\/\/i0.wp.com\/www.reynalddrouhin.net\/edu\/dataflow\/wp-content\/uploads\/2021\/12\/Alguaegraphie-1.jpg?resize=350%2C200&ssl=1 1x, https:\/\/i0.wp.com\/www.reynalddrouhin.net\/edu\/dataflow\/wp-content\/uploads\/2021\/12\/Alguaegraphie-1.jpg?resize=525%2C300&ssl=1 1.5x, https:\/\/i0.wp.com\/www.reynalddrouhin.net\/edu\/dataflow\/wp-content\/uploads\/2021\/12\/Alguaegraphie-1.jpg?resize=700%2C400&ssl=1 2x, https:\/\/i0.wp.com\/www.reynalddrouhin.net\/edu\/dataflow\/wp-content\/uploads\/2021\/12\/Alguaegraphie-1.jpg?resize=1050%2C600&ssl=1 3x, https:\/\/i0.wp.com\/www.reynalddrouhin.net\/edu\/dataflow\/wp-content\/uploads\/2021\/12\/Alguaegraphie-1.jpg?resize=1400%2C800&ssl=1 4x"},"classes":[]}],"jetpack_sharing_enabled":true,"_links":{"self":[{"href":"https:\/\/www.reynalddrouhin.net\/edu\/dataflow\/wp-json\/wp\/v2\/posts\/2827","targetHints":{"allow":["GET"]}}],"collection":[{"href":"https:\/\/www.reynalddrouhin.net\/edu\/dataflow\/wp-json\/wp\/v2\/posts"}],"about":[{"href":"https:\/\/www.reynalddrouhin.net\/edu\/dataflow\/wp-json\/wp\/v2\/types\/post"}],"author":[{"embeddable":true,"href":"https:\/\/www.reynalddrouhin.net\/edu\/dataflow\/wp-json\/wp\/v2\/users\/20"}],"replies":[{"embeddable":true,"href":"https:\/\/www.reynalddrouhin.net\/edu\/dataflow\/wp-json\/wp\/v2\/comments?post=2827"}],"version-history":[{"count":0,"href":"https:\/\/www.reynalddrouhin.net\/edu\/dataflow\/wp-json\/wp\/v2\/posts\/2827\/revisions"}],"wp:featuredmedia":[{"embeddable":true,"href":"https:\/\/www.reynalddrouhin.net\/edu\/dataflow\/wp-json\/wp\/v2\/media\/2830"}],"wp:attachment":[{"href":"https:\/\/www.reynalddrouhin.net\/edu\/dataflow\/wp-json\/wp\/v2\/media?parent=2827"}],"wp:term":[{"taxonomy":"category","embeddable":true,"href":"https:\/\/www.reynalddrouhin.net\/edu\/dataflow\/wp-json\/wp\/v2\/categories?post=2827"},{"taxonomy":"post_tag","embeddable":true,"href":"https:\/\/www.reynalddrouhin.net\/edu\/dataflow\/wp-json\/wp\/v2\/tags?post=2827"}],"curies":[{"name":"wp","href":"https:\/\/api.w.org\/{rel}","templated":true}]}}