{"id":2855,"date":"2017-01-18T15:27:16","date_gmt":"2017-01-18T13:27:16","guid":{"rendered":"http:\/\/www.reynalddrouhin.net\/edu\/dataflow\/?p=2855"},"modified":"2017-03-18T13:18:08","modified_gmt":"2017-03-18T11:18:08","slug":"tipi-thomas-gaugain","status":"publish","type":"post","link":"https:\/\/www.reynalddrouhin.net\/edu\/dataflow\/2017\/01\/tipi-thomas-gaugain\/","title":{"rendered":"Tipi, Thomas Gaugain"},"content":{"rendered":"<p>2017, tipi en\u00a0tissus anti-onde, 190 x 185cm<\/p>\n<p>De l&rsquo;ext\u00e9rieur il se montre comme une micro architecture moir\u00e9e \u00e9voquant les habitats des natifs am\u00e9ricains, depuis l&rsquo;int\u00e9rieur l&rsquo;espace se d\u00e9coupe par le r\u00e9seau du maillage argent\u00e9 o\u00f9 l&rsquo;on se reconnecte \u00e0 soi.<\/p>\n<p>&nbsp;<\/p>\n","protected":false},"excerpt":{"rendered":"<p>2017, tipi en\u00a0tissus anti-onde, 190 x 185cm De l&rsquo;ext\u00e9rieur il se montre comme une micro architecture moir\u00e9e \u00e9voquant les habitats des natifs am\u00e9ricains, depuis l&rsquo;int\u00e9rieur l&rsquo;espace se d\u00e9coupe&#8230;<\/p>\n","protected":false},"author":20,"featured_media":2932,"comment_status":"closed","ping_status":"open","sticky":false,"template":"","format":"standard","meta":{"jetpack_post_was_ever_published":false,"_jetpack_newsletter_access":"","_jetpack_dont_email_post_to_subs":true,"_jetpack_newsletter_tier_id":0,"_jetpack_memberships_contains_paywalled_content":false,"_jetpack_memberships_contains_paid_content":false,"footnotes":""},"categories":[3],"tags":[473,155,485,460],"class_list":["post-2855","post","type-post","status-publish","format-standard","has-post-thumbnail","hentry","category-documents","tag-deconnexion","tag-espace","tag-tipi","tag-tissu"],"jetpack_featured_media_url":"https:\/\/www.reynalddrouhin.net\/edu\/dataflow\/wp-content\/uploads\/2017\/02\/IMG_6666.jpg","jetpack_shortlink":"https:\/\/wp.me\/p72hC6-K3","jetpack-related-posts":[{"id":1295,"url":"https:\/\/www.reynalddrouhin.net\/edu\/dataflow\/2013\/03\/la-piscine-dounia-ismail\/","url_meta":{"origin":2855,"position":0},"title":"La piscine \/ Dounia Isma\u00efl","author":"Reynald Drouhin","date":"15 mars 2013","format":false,"excerpt":"Dounia Isma\u00efl,\u00a0La Piscine, vid\u00e9o 5' env. (4 bis) et installation, lignes d'eau, 7 x 25 m (jardin du clo\u00eetre), 2013. Les deux espaces mis en parall\u00e8les sont des espaces \"carr\u00e9s\". Pour l'un (l'esplanade) il est ouvert, pour l'autre il est clos. Cela est renvers\u00e9 gr\u00e2ce \u00e0 des transformations qui modifient\u2026","rel":"","context":"Dans &quot;\u00c9tudiants&quot;","block_context":{"text":"\u00c9tudiants","link":"https:\/\/www.reynalddrouhin.net\/edu\/dataflow\/category\/projets\/etudiants\/"},"img":{"alt_text":"","src":"https:\/\/i0.wp.com\/www.reynalddrouhin.net\/edu\/dataflow\/wp-content\/uploads\/2013\/03\/IMG_4836.jpg?resize=350%2C200&ssl=1","width":350,"height":200,"srcset":"https:\/\/i0.wp.com\/www.reynalddrouhin.net\/edu\/dataflow\/wp-content\/uploads\/2013\/03\/IMG_4836.jpg?resize=350%2C200&ssl=1 1x, https:\/\/i0.wp.com\/www.reynalddrouhin.net\/edu\/dataflow\/wp-content\/uploads\/2013\/03\/IMG_4836.jpg?resize=525%2C300&ssl=1 1.5x, https:\/\/i0.wp.com\/www.reynalddrouhin.net\/edu\/dataflow\/wp-content\/uploads\/2013\/03\/IMG_4836.jpg?resize=700%2C400&ssl=1 2x"},"classes":[]},{"id":1456,"url":"https:\/\/www.reynalddrouhin.net\/edu\/dataflow\/2013\/10\/arc-dataflow-2013-14\/","url_meta":{"origin":2855,"position":1},"title":"ARC \u00ab\u00a0DataFlow\u00a0\u00bb 2013-14","author":"Reynald Drouhin","date":"15 octobre 2013","format":false,"excerpt":"Cr\u00e9er une compilation (collection, archive, \"flux de donn\u00e9es\") de ses propres projets (4 ou 5 env.) pour une diffusion vid\u00e9o sur l'\u00e9cran du 4bis (date du 7 au 12 janvier 2014 et peut \u00eatre fin mars \u00e0 confirmer) puis une pr\u00e9sentation dans un espace d'exposition... \u00e0 d\u00e9finir (mars ou avril\u2026","rel":"","context":"Dans &quot;Documents&quot;","block_context":{"text":"Documents","link":"https:\/\/www.reynalddrouhin.net\/edu\/dataflow\/category\/documents\/"},"img":{"alt_text":"","src":"https:\/\/i0.wp.com\/www.reynalddrouhin.net\/edu\/dataflow\/wp-content\/uploads\/2013\/10\/IMG_6711.jpg?resize=350%2C200&ssl=1","width":350,"height":200,"srcset":"https:\/\/i0.wp.com\/www.reynalddrouhin.net\/edu\/dataflow\/wp-content\/uploads\/2013\/10\/IMG_6711.jpg?resize=350%2C200&ssl=1 1x, https:\/\/i0.wp.com\/www.reynalddrouhin.net\/edu\/dataflow\/wp-content\/uploads\/2013\/10\/IMG_6711.jpg?resize=525%2C300&ssl=1 1.5x, https:\/\/i0.wp.com\/www.reynalddrouhin.net\/edu\/dataflow\/wp-content\/uploads\/2013\/10\/IMG_6711.jpg?resize=700%2C400&ssl=1 2x, https:\/\/i0.wp.com\/www.reynalddrouhin.net\/edu\/dataflow\/wp-content\/uploads\/2013\/10\/IMG_6711.jpg?resize=1050%2C600&ssl=1 3x, https:\/\/i0.wp.com\/www.reynalddrouhin.net\/edu\/dataflow\/wp-content\/uploads\/2013\/10\/IMG_6711.jpg?resize=1400%2C800&ssl=1 4x"},"classes":[]},{"id":4640,"url":"https:\/\/www.reynalddrouhin.net\/edu\/dataflow\/2022\/05\/semoirs-fiona-persichetti\/","url_meta":{"origin":2855,"position":2},"title":"Semoirs \/ Fiona Persichetti","author":"Reynald Drouhin","date":"14 mai 2022","format":false,"excerpt":"\u00abARTICLE DEUX. L\u2019espace public est l\u2019espace qui n\u2019appartient \u00e0 personne. Ce qui n\u2019appartient \u00e0 personne appartient \u00e0 l\u2019Etat. L\u2019Etat conc\u00e8de \u00e0 la s\u00e9miocratie marchande l\u2019occupation de l\u2019espace susdit.\u00bb \u00a0TIQQUN, \u00ab Dernier avertissement au parti imaginaire \u00bb Revue Tiqqun n\u00b0 2, octobre 2001. La ville est un produit, l\u2019espace public un\u2026","rel":"","context":"Dans &quot;\u00c9tudiants&quot;","block_context":{"text":"\u00c9tudiants","link":"https:\/\/www.reynalddrouhin.net\/edu\/dataflow\/category\/projets\/etudiants\/"},"img":{"alt_text":"","src":"https:\/\/i0.wp.com\/www.reynalddrouhin.net\/edu\/dataflow\/wp-content\/uploads\/2022\/05\/1l-scaled.jpg?resize=350%2C200&ssl=1","width":350,"height":200,"srcset":"https:\/\/i0.wp.com\/www.reynalddrouhin.net\/edu\/dataflow\/wp-content\/uploads\/2022\/05\/1l-scaled.jpg?resize=350%2C200&ssl=1 1x, https:\/\/i0.wp.com\/www.reynalddrouhin.net\/edu\/dataflow\/wp-content\/uploads\/2022\/05\/1l-scaled.jpg?resize=525%2C300&ssl=1 1.5x, https:\/\/i0.wp.com\/www.reynalddrouhin.net\/edu\/dataflow\/wp-content\/uploads\/2022\/05\/1l-scaled.jpg?resize=700%2C400&ssl=1 2x, https:\/\/i0.wp.com\/www.reynalddrouhin.net\/edu\/dataflow\/wp-content\/uploads\/2022\/05\/1l-scaled.jpg?resize=1050%2C600&ssl=1 3x, https:\/\/i0.wp.com\/www.reynalddrouhin.net\/edu\/dataflow\/wp-content\/uploads\/2022\/05\/1l-scaled.jpg?resize=1400%2C800&ssl=1 4x"},"classes":[]},{"id":4577,"url":"https:\/\/www.reynalddrouhin.net\/edu\/dataflow\/2022\/05\/les-delaisses-urbains-lucie-robin\/","url_meta":{"origin":2855,"position":3},"title":"Les d\u00e9laiss\u00e9s urbains \/ Lucie Robin","author":"Reynald Drouhin","date":"9 mai 2022","format":false,"excerpt":"La n\u00e9cessit\u00e9 biologique\/ \u00e9cologique des d\u00e9laiss\u00e9s urbains. Sensibiliser les usagers d'un territoire \u00e0 ce type d'espaces abandonn\u00e9s o\u00f9 la nature \u00e0 repris ses droits. Je propose une d\u00e9ambulation entre diff\u00e9rents projets et diff\u00e9rentes strates spaciales et temporelles afin de s'ancrer dans un territoire et de comprendre son histoire et ses\u2026","rel":"","context":"Dans &quot;\u00c9tudiants&quot;","block_context":{"text":"\u00c9tudiants","link":"https:\/\/www.reynalddrouhin.net\/edu\/dataflow\/category\/projets\/etudiants\/"},"img":{"alt_text":"","src":"https:\/\/i0.wp.com\/www.reynalddrouhin.net\/edu\/dataflow\/wp-content\/uploads\/2022\/05\/20220503_152724.jpg?resize=350%2C200&ssl=1","width":350,"height":200,"srcset":"https:\/\/i0.wp.com\/www.reynalddrouhin.net\/edu\/dataflow\/wp-content\/uploads\/2022\/05\/20220503_152724.jpg?resize=350%2C200&ssl=1 1x, https:\/\/i0.wp.com\/www.reynalddrouhin.net\/edu\/dataflow\/wp-content\/uploads\/2022\/05\/20220503_152724.jpg?resize=525%2C300&ssl=1 1.5x, https:\/\/i0.wp.com\/www.reynalddrouhin.net\/edu\/dataflow\/wp-content\/uploads\/2022\/05\/20220503_152724.jpg?resize=700%2C400&ssl=1 2x, https:\/\/i0.wp.com\/www.reynalddrouhin.net\/edu\/dataflow\/wp-content\/uploads\/2022\/05\/20220503_152724.jpg?resize=1050%2C600&ssl=1 3x, https:\/\/i0.wp.com\/www.reynalddrouhin.net\/edu\/dataflow\/wp-content\/uploads\/2022\/05\/20220503_152724.jpg?resize=1400%2C800&ssl=1 4x"},"classes":[]},{"id":4463,"url":"https:\/\/www.reynalddrouhin.net\/edu\/dataflow\/2021\/12\/auchan-sophie-piermattei\/","url_meta":{"origin":2855,"position":4},"title":"Auchan \/ Sophie Piermattei","author":"Reynald Drouhin","date":"17 d\u00e9cembre 2021","format":false,"excerpt":"https:\/\/www.youtube.com\/watch?v=fGQgM_szO9k Mon travail a e\u0301te\u0301 instigue\u0301 par mon stage, Il a e\u0301te\u0301 re\u0301alise\u0301 avec Pierrick Sorin. Dans le cadre d\u2019une invitation du the\u0301a\u0302tre national de Maubeuge. Il est important de souligner le lieu d\u2019expositions : \u201c La galerie marchande d\u2019Auchan Louvroil\u201c. Du\u0302 a se lieux d\u2019exposition insolite, j\u2019ai pu questionner\u2026","rel":"","context":"Dans &quot;\u00c9tudiants&quot;","block_context":{"text":"\u00c9tudiants","link":"https:\/\/www.reynalddrouhin.net\/edu\/dataflow\/category\/projets\/etudiants\/"},"img":{"alt_text":"","src":"https:\/\/i0.wp.com\/www.reynalddrouhin.net\/edu\/dataflow\/wp-content\/uploads\/2021\/12\/sp.png?resize=350%2C200&ssl=1","width":350,"height":200,"srcset":"https:\/\/i0.wp.com\/www.reynalddrouhin.net\/edu\/dataflow\/wp-content\/uploads\/2021\/12\/sp.png?resize=350%2C200&ssl=1 1x, https:\/\/i0.wp.com\/www.reynalddrouhin.net\/edu\/dataflow\/wp-content\/uploads\/2021\/12\/sp.png?resize=525%2C300&ssl=1 1.5x, https:\/\/i0.wp.com\/www.reynalddrouhin.net\/edu\/dataflow\/wp-content\/uploads\/2021\/12\/sp.png?resize=700%2C400&ssl=1 2x, https:\/\/i0.wp.com\/www.reynalddrouhin.net\/edu\/dataflow\/wp-content\/uploads\/2021\/12\/sp.png?resize=1050%2C600&ssl=1 3x"},"classes":[]},{"id":3968,"url":"https:\/\/www.reynalddrouhin.net\/edu\/dataflow\/2020\/02\/gilles-clement\/","url_meta":{"origin":2855,"position":5},"title":"Gilles Cl\u00e9ment","author":"Reynald Drouhin","date":"10 f\u00e9vrier 2020","format":false,"excerpt":"Jardinier, paysagiste, botaniste, entomologiste, biologiste et \u00e9crivain fran\u00e7ais Conf\u00e9rence 10 f\u00e9vrier \u00e0 18h Gilles Cl\u00e9ment - Le 10 f\u00e9vrier 2020 \u00e0 Rennes from EESAB on Vimeo. Rencontre avec Gilles Cl\u00e9ment http:\/\/www.gillesclement.com propos\u00e9 par Nicolas Floc'h, Caroline Cieslik et Reynald Drouhin Lundi 10 f\u00e9vrier \u2013 14h-17h30 Ouvert aux \u00e9tudiant\u00b7e\u00b7s de la\u2026","rel":"","context":"Dans &quot;Conf\u00e9rences&quot;","block_context":{"text":"Conf\u00e9rences","link":"https:\/\/www.reynalddrouhin.net\/edu\/dataflow\/category\/documents\/conferences\/"},"img":{"alt_text":"","src":"https:\/\/i0.wp.com\/www.reynalddrouhin.net\/edu\/dataflow\/wp-content\/uploads\/2020\/01\/gilles-clement364.png?resize=350%2C200&ssl=1","width":350,"height":200,"srcset":"https:\/\/i0.wp.com\/www.reynalddrouhin.net\/edu\/dataflow\/wp-content\/uploads\/2020\/01\/gilles-clement364.png?resize=350%2C200&ssl=1 1x, https:\/\/i0.wp.com\/www.reynalddrouhin.net\/edu\/dataflow\/wp-content\/uploads\/2020\/01\/gilles-clement364.png?resize=525%2C300&ssl=1 1.5x, https:\/\/i0.wp.com\/www.reynalddrouhin.net\/edu\/dataflow\/wp-content\/uploads\/2020\/01\/gilles-clement364.png?resize=700%2C400&ssl=1 2x, https:\/\/i0.wp.com\/www.reynalddrouhin.net\/edu\/dataflow\/wp-content\/uploads\/2020\/01\/gilles-clement364.png?resize=1050%2C600&ssl=1 3x"},"classes":[]}],"jetpack_sharing_enabled":true,"_links":{"self":[{"href":"https:\/\/www.reynalddrouhin.net\/edu\/dataflow\/wp-json\/wp\/v2\/posts\/2855","targetHints":{"allow":["GET"]}}],"collection":[{"href":"https:\/\/www.reynalddrouhin.net\/edu\/dataflow\/wp-json\/wp\/v2\/posts"}],"about":[{"href":"https:\/\/www.reynalddrouhin.net\/edu\/dataflow\/wp-json\/wp\/v2\/types\/post"}],"author":[{"embeddable":true,"href":"https:\/\/www.reynalddrouhin.net\/edu\/dataflow\/wp-json\/wp\/v2\/users\/20"}],"replies":[{"embeddable":true,"href":"https:\/\/www.reynalddrouhin.net\/edu\/dataflow\/wp-json\/wp\/v2\/comments?post=2855"}],"version-history":[{"count":0,"href":"https:\/\/www.reynalddrouhin.net\/edu\/dataflow\/wp-json\/wp\/v2\/posts\/2855\/revisions"}],"wp:featuredmedia":[{"embeddable":true,"href":"https:\/\/www.reynalddrouhin.net\/edu\/dataflow\/wp-json\/wp\/v2\/media\/2932"}],"wp:attachment":[{"href":"https:\/\/www.reynalddrouhin.net\/edu\/dataflow\/wp-json\/wp\/v2\/media?parent=2855"}],"wp:term":[{"taxonomy":"category","embeddable":true,"href":"https:\/\/www.reynalddrouhin.net\/edu\/dataflow\/wp-json\/wp\/v2\/categories?post=2855"},{"taxonomy":"post_tag","embeddable":true,"href":"https:\/\/www.reynalddrouhin.net\/edu\/dataflow\/wp-json\/wp\/v2\/tags?post=2855"}],"curies":[{"name":"wp","href":"https:\/\/api.w.org\/{rel}","templated":true}]}}