{"id":2890,"date":"2017-03-14T11:15:31","date_gmt":"2017-03-14T09:15:31","guid":{"rendered":"http:\/\/www.reynalddrouhin.net\/edu\/dataflow\/?p=2890"},"modified":"2017-04-30T09:09:46","modified_gmt":"2017-04-30T07:09:46","slug":"colonies-celia-calvez","status":"publish","type":"post","link":"https:\/\/www.reynalddrouhin.net\/edu\/dataflow\/2017\/03\/colonies-celia-calvez\/","title":{"rendered":"Colonies, C\u00e9lia Calvez"},"content":{"rendered":"<p>2017, installation photographies non fix\u00e9es<\/p>\n<p>&nbsp;<\/p>\n","protected":false},"excerpt":{"rendered":"<p>2017, installation photographies non fix\u00e9es &nbsp;<\/p>\n","protected":false},"author":20,"featured_media":3264,"comment_status":"closed","ping_status":"open","sticky":false,"template":"","format":"standard","meta":{"_jetpack_newsletter_access":"","_jetpack_dont_email_post_to_subs":true,"_jetpack_newsletter_tier_id":0,"_jetpack_memberships_contains_paywalled_content":false,"_jetpack_feature_clip_id":0,"_jetpack_memberships_contains_paid_content":false,"footnotes":"","jetpack_post_was_ever_published":false},"categories":[37,4],"tags":[518,517,528,381,529,48],"class_list":["post-2890","post","type-post","status-publish","format-standard","has-post-thumbnail","hentry","category-etudiants","category-projets","tag-apparition","tag-chantier","tag-chargement","tag-disparition","tag-loading","tag-paysage"],"jetpack_shortlink":"https:\/\/wp.me\/p72hC6-KC","jetpack-related-posts":[{"id":2409,"url":"https:\/\/www.reynalddrouhin.net\/edu\/dataflow\/2016\/03\/virus-celia-calvez\/","url_meta":{"origin":2890,"position":0},"title":"Virus, C\u00e9lia Calvez","author":"Reynald Drouhin","date":"08\/03\/2016","format":false,"excerpt":"2016, 3 toiles imprim\u00e9es en s\u00e9rigraphie, 138\u00a0x\u00a097,5 cm 136\u00a0x\u00a096 cm et 101,5\u00a0 x\u00a0108 cm. Compos\u00e9es \u00e0 partir de photographies virales issues des r\u00e9seaux sociaux, ces trois toiles questionnent la relation de l'image \u00e0 Internet. La diffusion et la propagation massives de certaines d'entre-elles les entra\u00eenent vers des contextes ou des\u2026","rel":"","context":"Dans &quot;\u00c9tudiants&quot;","block_context":{"text":"\u00c9tudiants","link":"https:\/\/www.reynalddrouhin.net\/edu\/dataflow\/category\/projets\/etudiants\/"},"img":{"alt_text":"","src":"https:\/\/i0.wp.com\/www.reynalddrouhin.net\/edu\/dataflow\/wp-content\/uploads\/2016\/03\/z-290x290.jpg?resize=9999%2C9999&ssl=1","width":"9999","height":"9999"},"classes":[]},{"id":2833,"url":"https:\/\/www.reynalddrouhin.net\/edu\/dataflow\/2017\/03\/deconnexions\/","url_meta":{"origin":2890,"position":1},"title":"D\u00e9connexions","author":"Reynald Drouhin","date":"15\/03\/2017","format":false,"excerpt":"Exposition Exposition \"D\u00e9connexions\" du 2 au 12 mai 2017 de 12h \u00e0 18h du mardi au samedi \u00e0 la galerie Vanessa Quang,\u00a07,\u00a0Rue des Filles-du-Calvaire,\u00a075003 Paris Vernissage le 2 mai 2017 de 18h \u00e0 21h L\u2019EESAB \u2013 Rennes et la Galerie Vanessa Quang pr\u00e9sentent D\u00c9CONNEXIONS GROUP SHOW Une proposition de Reynald\u2026","rel":"","context":"Dans &quot;Expositions&quot;","block_context":{"text":"Expositions","link":"https:\/\/www.reynalddrouhin.net\/edu\/dataflow\/category\/projets\/expositions\/"},"img":{"alt_text":"","src":"https:\/\/i0.wp.com\/www.reynalddrouhin.net\/edu\/dataflow\/wp-content\/uploads\/2017\/03\/invitation-d-ok-710x502.png?resize=9999%2C9999","width":"9999","height":"9999"},"classes":[]},{"id":2276,"url":"https:\/\/www.reynalddrouhin.net\/edu\/dataflow\/2016\/01\/buzz\/","url_meta":{"origin":2890,"position":2},"title":"Buzz","author":"Reynald Drouhin","date":"26\/01\/2016","format":false,"excerpt":"C\u00e9lia Calvez","rel":"","context":"Dans &quot;\u00c9tudiants&quot;","block_context":{"text":"\u00c9tudiants","link":"https:\/\/www.reynalddrouhin.net\/edu\/dataflow\/category\/projets\/etudiants\/"},"img":{"alt_text":"IMG_2944","src":"https:\/\/i0.wp.com\/www.reynalddrouhin.net\/edu\/dataflow\/wp-content\/uploads\/2016\/01\/IMG_2944-710x710.jpg?resize=9999%2C9999","width":"9999","height":"9999"},"classes":[]},{"id":2705,"url":"https:\/\/www.reynalddrouhin.net\/edu\/dataflow\/2016\/04\/exposition-material-reality\/","url_meta":{"origin":2890,"position":3},"title":"Exposition \u00ab\u00a0Material Reality\u00a0\u00bb","author":"Reynald Drouhin","date":"22\/04\/2016","format":false,"excerpt":"Exposition\u00a0Material Reality\u00a0\u00e0 la\u00a0Galerie Vanessa Quang, du 22 avril au 4 mai 2016 Une proposition de Reynald Drouhin\u00a0en partenariat avec l'EESAB - Rennes Artistes expos\u00e9s : C\u00e9lia Calvez, Sybil Dary,\u00a0Corentin Derbr\u00e9,\u00a0Geoffrey Jeanville,\u00a0Elisabeth Gomes-Barradas,\u00a0Brendan Keenan,\u00a0Shankar Lestr\u00e9han,\u00a0Alisson Schmitt,\u00a0Lilas Souksomboune,\u00a0Sanisa Tulyasukh,\u00a0Miharu Yanai Photos C\u00e9lia Calvez et Reynald Drouhin","rel":"","context":"Dans &quot;Expositions&quot;","block_context":{"text":"Expositions","link":"https:\/\/www.reynalddrouhin.net\/edu\/dataflow\/category\/projets\/expositions\/"},"img":{"alt_text":"","src":"https:\/\/i0.wp.com\/www.reynalddrouhin.net\/edu\/dataflow\/wp-content\/uploads\/2016\/04\/MG_6493-290x290.jpg?resize=9999%2C9999&ssl=1","width":"9999","height":"9999"},"classes":[]},{"id":3026,"url":"https:\/\/www.reynalddrouhin.net\/edu\/dataflow\/2017\/03\/cartographie-dondes-rose-le-bescond\/","url_meta":{"origin":2890,"position":4},"title":"Cartographie d&rsquo;ondes, Rose Le Bescond","author":"Reynald Drouhin","date":"09\/03\/2017","format":false,"excerpt":"2017, installation photographies, 250 x 200 cm \u00ab Un champ \u00e9lectromagn\u00e9tique haute fr\u00e9quence appara\u00eet d\u00e8s lors que des charges \u00e9lectriques sont en mouvement. Ce champ r\u00e9sulte de la combinaison de deux ondes (l\u2019une \u00e9lectrique, l\u2019autre magn\u00e9tique), qui se propagent \u00e0 la vitesse de la lumi\u00e8re. \u00bb Cette d\u00e9finition de l'INRS\u2026","rel":"","context":"Dans &quot;\u00c9tudiants&quot;","block_context":{"text":"\u00c9tudiants","link":"https:\/\/www.reynalddrouhin.net\/edu\/dataflow\/category\/projets\/etudiants\/"},"img":{"alt_text":"","src":"https:\/\/i0.wp.com\/www.reynalddrouhin.net\/edu\/dataflow\/wp-content\/uploads\/2017\/03\/IMG_7250-710x533.jpg?resize=9999%2C9999","width":"9999","height":"9999"},"classes":[]},{"id":2417,"url":"https:\/\/www.reynalddrouhin.net\/edu\/dataflow\/2016\/04\/material-reality\/","url_meta":{"origin":2890,"position":5},"title":"Material Reality","author":"Reynald Drouhin","date":"22\/04\/2016","format":false,"excerpt":"\u00a0 Group Show Une proposition de Reynald Drouhin Du 22 avril au 4 mai 2016 Vernissage le vendredi 22 avril 2016 de 17h \u00e0 21h \u00e0 la\u00a0Galerie Vanessa Quang, 7 Rue des Filles du Calvaire, 75003 Paris Artistes expos\u00e9s : C\u00e9lia Calvez,\u00a0Thibault Coudouret,\u00a0Sybil Dary,\u00a0Corentin Derbr\u00e9,\u00a0Geoffrey Jeanville,\u00a0Elisabeth Gomes-Barradas,\u00a0Brendan Keenan,\u00a0Shankar Lestr\u00e9han,\u00a0Alisson Schmitt,\u00a0Lilas\u2026","rel":"","context":"Dans &quot;\u00c9tudiants&quot;","block_context":{"text":"\u00c9tudiants","link":"https:\/\/www.reynalddrouhin.net\/edu\/dataflow\/category\/projets\/etudiants\/"},"img":{"alt_text":"z","src":"https:\/\/i0.wp.com\/www.reynalddrouhin.net\/edu\/dataflow\/wp-content\/uploads\/2016\/03\/z-300x225.jpg?resize=9999%2C9999","width":"9999","height":"9999"},"classes":[]}],"jetpack_sharing_enabled":true,"jetpack_featured_media_url":"https:\/\/www.reynalddrouhin.net\/edu\/dataflow\/wp-content\/uploads\/2017\/02\/IMG_7269.jpg","_links":{"self":[{"href":"https:\/\/www.reynalddrouhin.net\/edu\/dataflow\/wp-json\/wp\/v2\/posts\/2890","targetHints":{"allow":["GET"]}}],"collection":[{"href":"https:\/\/www.reynalddrouhin.net\/edu\/dataflow\/wp-json\/wp\/v2\/posts"}],"about":[{"href":"https:\/\/www.reynalddrouhin.net\/edu\/dataflow\/wp-json\/wp\/v2\/types\/post"}],"author":[{"embeddable":true,"href":"https:\/\/www.reynalddrouhin.net\/edu\/dataflow\/wp-json\/wp\/v2\/users\/20"}],"replies":[{"embeddable":true,"href":"https:\/\/www.reynalddrouhin.net\/edu\/dataflow\/wp-json\/wp\/v2\/comments?post=2890"}],"version-history":[{"count":0,"href":"https:\/\/www.reynalddrouhin.net\/edu\/dataflow\/wp-json\/wp\/v2\/posts\/2890\/revisions"}],"wp:featuredmedia":[{"embeddable":true,"href":"https:\/\/www.reynalddrouhin.net\/edu\/dataflow\/wp-json\/wp\/v2\/media\/3264"}],"wp:attachment":[{"href":"https:\/\/www.reynalddrouhin.net\/edu\/dataflow\/wp-json\/wp\/v2\/media?parent=2890"}],"wp:term":[{"taxonomy":"category","embeddable":true,"href":"https:\/\/www.reynalddrouhin.net\/edu\/dataflow\/wp-json\/wp\/v2\/categories?post=2890"},{"taxonomy":"post_tag","embeddable":true,"href":"https:\/\/www.reynalddrouhin.net\/edu\/dataflow\/wp-json\/wp\/v2\/tags?post=2890"}],"curies":[{"name":"wp","href":"https:\/\/api.w.org\/{rel}","templated":true}]}}