{"id":3026,"date":"2017-03-09T17:39:35","date_gmt":"2017-03-09T15:39:35","guid":{"rendered":"http:\/\/www.reynalddrouhin.net\/edu\/dataflow\/?p=3026"},"modified":"2017-04-29T19:24:42","modified_gmt":"2017-04-29T17:24:42","slug":"cartographie-dondes-rose-le-bescond","status":"publish","type":"post","link":"https:\/\/www.reynalddrouhin.net\/edu\/dataflow\/2017\/03\/cartographie-dondes-rose-le-bescond\/","title":{"rendered":"Cartographie d&rsquo;ondes, Rose Le Bescond"},"content":{"rendered":"<div class=\"page\" title=\"Page 1\">\n<div class=\"layoutArea\">\n<div class=\"column\">\n<p>2017, installation photographies, 250 x 200 cm<\/p>\n<\/div>\n<\/div>\n<div class=\"layoutArea\">\n<div class=\"column\">\n<p>\u00ab Un champ \u00e9lectromagn\u00e9tique haute fr\u00e9quence appara\u00eet d\u00e8s lors que des charges \u00e9lectriques sont en mouvement. Ce champ r\u00e9sulte de la combinaison de deux ondes (l\u2019une \u00e9lectrique, l\u2019autre magn\u00e9tique), qui se propagent \u00e0 la vitesse de la lumi\u00e8re. \u00bb Cette d\u00e9finition de l&rsquo;INRS (Institut national de recherche et de s\u00e9curit\u00e9), abstraite au premier abord, explique le ph\u00e9nom\u00e8ne observ\u00e9 par les scientifiques, lorsque nous passons un appel t\u00e9l\u00e9phonique ou lorsque nous utilisons Internet.<\/p>\n<p>Bien que non perceptibles et fluctuantes, ces ondes sont omnipr\u00e9sentes dans notre quotidien. Elles font partie int\u00e9grante de notre environnement, que ce soit dans nos habitations o\u00f9 dans les rues que nous traversons&#8230; En usant de la photographie, j&rsquo;essaye de rendre visible cet invisible, en cr\u00e9ant un inventaire de la pr\u00e9sence de ces ondes magn\u00e9tiques dans la ville de Rennes. Ainsi, je mets en image les endroits o\u00f9 les ondes sont signal\u00e9es les plus pr\u00e9sentes et \u00e0 contrario, les endroits o\u00f9 ces m\u00eames ondes sont presque absentes.<\/p>\n<p><a href=\"https:\/\/www.reynalddrouhin.net\/edu\/dataflow\/wp-content\/uploads\/2017\/03\/IMG_7250.jpg\"><img loading=\"lazy\" decoding=\"async\" data-attachment-id=\"3272\" data-permalink=\"https:\/\/www.reynalddrouhin.net\/edu\/dataflow\/2017\/03\/cartographie-dondes-rose-le-bescond\/img_7250\/\" data-orig-file=\"https:\/\/www.reynalddrouhin.net\/edu\/dataflow\/wp-content\/uploads\/2017\/03\/IMG_7250.jpg\" data-orig-size=\"2000,1500\" data-comments-opened=\"0\" data-image-meta=\"{&quot;aperture&quot;:&quot;0&quot;,&quot;credit&quot;:&quot;&quot;,&quot;camera&quot;:&quot;&quot;,&quot;caption&quot;:&quot;&quot;,&quot;created_timestamp&quot;:&quot;0&quot;,&quot;copyright&quot;:&quot;&quot;,&quot;focal_length&quot;:&quot;0&quot;,&quot;iso&quot;:&quot;0&quot;,&quot;shutter_speed&quot;:&quot;0&quot;,&quot;title&quot;:&quot;&quot;,&quot;orientation&quot;:&quot;0&quot;}\" data-image-title=\"IMG_7250\" data-image-description=\"\" data-image-caption=\"\" data-large-file=\"https:\/\/www.reynalddrouhin.net\/edu\/dataflow\/wp-content\/uploads\/2017\/03\/IMG_7250-710x533.jpg\" class=\"alignnone size-large wp-image-3272\" src=\"https:\/\/www.reynalddrouhin.net\/edu\/dataflow\/wp-content\/uploads\/2017\/03\/IMG_7250-710x533.jpg\" alt=\"\" width=\"620\" height=\"465\" srcset=\"https:\/\/www.reynalddrouhin.net\/edu\/dataflow\/wp-content\/uploads\/2017\/03\/IMG_7250-710x533.jpg 710w, https:\/\/www.reynalddrouhin.net\/edu\/dataflow\/wp-content\/uploads\/2017\/03\/IMG_7250-300x225.jpg 300w, https:\/\/www.reynalddrouhin.net\/edu\/dataflow\/wp-content\/uploads\/2017\/03\/IMG_7250-768x576.jpg 768w, https:\/\/www.reynalddrouhin.net\/edu\/dataflow\/wp-content\/uploads\/2017\/03\/IMG_7250-973x730.jpg 973w, https:\/\/www.reynalddrouhin.net\/edu\/dataflow\/wp-content\/uploads\/2017\/03\/IMG_7250-508x381.jpg 508w, https:\/\/www.reynalddrouhin.net\/edu\/dataflow\/wp-content\/uploads\/2017\/03\/IMG_7250.jpg 2000w\" sizes=\"auto, (max-width: 620px) 100vw, 620px\" \/><\/a><\/p>\n<p>&nbsp;<\/p>\n<\/div>\n<\/div>\n<\/div>\n","protected":false},"excerpt":{"rendered":"<p>2017, installation photographies, 250 x 200 cm \u00ab Un champ \u00e9lectromagn\u00e9tique haute fr\u00e9quence appara\u00eet d\u00e8s lors que des charges \u00e9lectriques sont en mouvement. Ce champ r\u00e9sulte de la&#8230;<\/p>\n","protected":false},"author":20,"featured_media":3253,"comment_status":"closed","ping_status":"open","sticky":false,"template":"","format":"standard","meta":{"jetpack_post_was_ever_published":false,"_jetpack_newsletter_access":"","_jetpack_dont_email_post_to_subs":true,"_jetpack_newsletter_tier_id":0,"_jetpack_memberships_contains_paywalled_content":false,"_jetpack_memberships_contains_paid_content":false,"footnotes":""},"categories":[37,4],"tags":[13,473,147,514,513,367],"class_list":["post-3026","post","type-post","status-publish","format-standard","has-post-thumbnail","hentry","category-etudiants","category-projets","tag-carte","tag-deconnexion","tag-espace-urbain","tag-frequence","tag-onde","tag-telephone"],"jetpack_featured_media_url":"https:\/\/www.reynalddrouhin.net\/edu\/dataflow\/wp-content\/uploads\/2017\/03\/IMG_7211.jpg","jetpack_shortlink":"https:\/\/wp.me\/p72hC6-MO","jetpack-related-posts":[{"id":2833,"url":"https:\/\/www.reynalddrouhin.net\/edu\/dataflow\/2017\/03\/deconnexions\/","url_meta":{"origin":3026,"position":0},"title":"D\u00e9connexions","author":"Reynald Drouhin","date":"15 mars 2017","format":false,"excerpt":"Exposition Exposition \"D\u00e9connexions\" du 2 au 12 mai 2017 de 12h \u00e0 18h du mardi au samedi \u00e0 la galerie Vanessa Quang,\u00a07,\u00a0Rue des Filles-du-Calvaire,\u00a075003 Paris Vernissage le 2 mai 2017 de 18h \u00e0 21h L\u2019EESAB \u2013 Rennes et la Galerie Vanessa Quang pr\u00e9sentent D\u00c9CONNEXIONS GROUP SHOW Une proposition de Reynald\u2026","rel":"","context":"Dans &quot;Expositions&quot;","block_context":{"text":"Expositions","link":"https:\/\/www.reynalddrouhin.net\/edu\/dataflow\/category\/projets\/expositions\/"},"img":{"alt_text":"","src":"https:\/\/i0.wp.com\/www.reynalddrouhin.net\/edu\/dataflow\/wp-content\/uploads\/2017\/02\/invitation-HD.png?resize=350%2C200&ssl=1","width":350,"height":200,"srcset":"https:\/\/i0.wp.com\/www.reynalddrouhin.net\/edu\/dataflow\/wp-content\/uploads\/2017\/02\/invitation-HD.png?resize=350%2C200&ssl=1 1x, https:\/\/i0.wp.com\/www.reynalddrouhin.net\/edu\/dataflow\/wp-content\/uploads\/2017\/02\/invitation-HD.png?resize=525%2C300&ssl=1 1.5x, https:\/\/i0.wp.com\/www.reynalddrouhin.net\/edu\/dataflow\/wp-content\/uploads\/2017\/02\/invitation-HD.png?resize=700%2C400&ssl=1 2x, https:\/\/i0.wp.com\/www.reynalddrouhin.net\/edu\/dataflow\/wp-content\/uploads\/2017\/02\/invitation-HD.png?resize=1050%2C600&ssl=1 3x, https:\/\/i0.wp.com\/www.reynalddrouhin.net\/edu\/dataflow\/wp-content\/uploads\/2017\/02\/invitation-HD.png?resize=1400%2C800&ssl=1 4x"},"classes":[]},{"id":2855,"url":"https:\/\/www.reynalddrouhin.net\/edu\/dataflow\/2017\/01\/tipi-thomas-gaugain\/","url_meta":{"origin":3026,"position":1},"title":"Tipi, Thomas Gaugain","author":"Reynald Drouhin","date":"18 janvier 2017","format":false,"excerpt":"2017, tipi en\u00a0tissus anti-onde, 190 x 185cm De l'ext\u00e9rieur il se montre comme une micro architecture moir\u00e9e \u00e9voquant les habitats des natifs am\u00e9ricains, depuis l'int\u00e9rieur l'espace se d\u00e9coupe par le r\u00e9seau du maillage argent\u00e9 o\u00f9 l'on se reconnecte \u00e0 soi. \u00a0","rel":"","context":"Dans &quot;Documents&quot;","block_context":{"text":"Documents","link":"https:\/\/www.reynalddrouhin.net\/edu\/dataflow\/category\/documents\/"},"img":{"alt_text":"","src":"https:\/\/i0.wp.com\/www.reynalddrouhin.net\/edu\/dataflow\/wp-content\/uploads\/2017\/02\/IMG_6666.jpg?resize=350%2C200&ssl=1","width":350,"height":200,"srcset":"https:\/\/i0.wp.com\/www.reynalddrouhin.net\/edu\/dataflow\/wp-content\/uploads\/2017\/02\/IMG_6666.jpg?resize=350%2C200&ssl=1 1x, https:\/\/i0.wp.com\/www.reynalddrouhin.net\/edu\/dataflow\/wp-content\/uploads\/2017\/02\/IMG_6666.jpg?resize=525%2C300&ssl=1 1.5x, https:\/\/i0.wp.com\/www.reynalddrouhin.net\/edu\/dataflow\/wp-content\/uploads\/2017\/02\/IMG_6666.jpg?resize=700%2C400&ssl=1 2x, https:\/\/i0.wp.com\/www.reynalddrouhin.net\/edu\/dataflow\/wp-content\/uploads\/2017\/02\/IMG_6666.jpg?resize=1050%2C600&ssl=1 3x, https:\/\/i0.wp.com\/www.reynalddrouhin.net\/edu\/dataflow\/wp-content\/uploads\/2017\/02\/IMG_6666.jpg?resize=1400%2C800&ssl=1 4x"},"classes":[]},{"id":2371,"url":"https:\/\/www.reynalddrouhin.net\/edu\/dataflow\/2016\/03\/traque-alison-schmitt\/","url_meta":{"origin":3026,"position":2},"title":"Traque, Alison Schmitt","author":"Reynald Drouhin","date":"4 mars 2016","format":false,"excerpt":"2016, 5 photographies argentines mont\u00e9es sur alu, 50 x 59\u00a0cm chacune. R\u00e9sultat d\u2019une analogie entre une pratique de la chronophotographie et le comportement actuel vis-\u00e0-vis de l\u2019image num\u00e9rique, Traque \u00e9voque avant tout la poursuite et la capture. En 1882 \u00c9tienne-Jules Marey \u00e9labore le fusil photographique, objet formellement reli\u00e9 au champ\u2026","rel":"","context":"Dans &quot;\u00c9tudiants&quot;","block_context":{"text":"\u00c9tudiants","link":"https:\/\/www.reynalddrouhin.net\/edu\/dataflow\/category\/projets\/etudiants\/"},"img":{"alt_text":"","src":"https:\/\/i0.wp.com\/www.reynalddrouhin.net\/edu\/dataflow\/wp-content\/uploads\/2016\/03\/IMG_3680.jpg?resize=350%2C200&ssl=1","width":350,"height":200,"srcset":"https:\/\/i0.wp.com\/www.reynalddrouhin.net\/edu\/dataflow\/wp-content\/uploads\/2016\/03\/IMG_3680.jpg?resize=350%2C200&ssl=1 1x, https:\/\/i0.wp.com\/www.reynalddrouhin.net\/edu\/dataflow\/wp-content\/uploads\/2016\/03\/IMG_3680.jpg?resize=525%2C300&ssl=1 1.5x, https:\/\/i0.wp.com\/www.reynalddrouhin.net\/edu\/dataflow\/wp-content\/uploads\/2016\/03\/IMG_3680.jpg?resize=700%2C400&ssl=1 2x, https:\/\/i0.wp.com\/www.reynalddrouhin.net\/edu\/dataflow\/wp-content\/uploads\/2016\/03\/IMG_3680.jpg?resize=1050%2C600&ssl=1 3x, https:\/\/i0.wp.com\/www.reynalddrouhin.net\/edu\/dataflow\/wp-content\/uploads\/2016\/03\/IMG_3680.jpg?resize=1400%2C800&ssl=1 4x"},"classes":[]},{"id":227,"url":"https:\/\/www.reynalddrouhin.net\/edu\/dataflow\/2010\/11\/ce-qui-vient\/","url_meta":{"origin":3026,"position":3},"title":"Ce qui vient \/ Chlo\u00e9 Steigelmann","author":"Reynald Drouhin","date":"20 novembre 2010","format":false,"excerpt":"Ce qui vient est une s\u00e9rie de 5 photographies. J'ai abord\u00e9 le sujet Ce qui vient de 2 points de vues: le mien et celui des autres. Pour le mien j'ai gard\u00e9 ma premi\u00e8re image, assez litt\u00e9rale, le futur qui se voit \u00e0 travers le regard, d'o\u00f9 les yeux. Le\u2026","rel":"","context":"Dans &quot;\u00c9tudiants&quot;","block_context":{"text":"\u00c9tudiants","link":"https:\/\/www.reynalddrouhin.net\/edu\/dataflow\/category\/projets\/etudiants\/"},"img":{"alt_text":"","src":"https:\/\/i0.wp.com\/www.reynalddrouhin.net\/edu\/dataflow\/wp-content\/uploads\/2010\/11\/IMG_1087.jpg?resize=350%2C200&ssl=1","width":350,"height":200,"srcset":"https:\/\/i0.wp.com\/www.reynalddrouhin.net\/edu\/dataflow\/wp-content\/uploads\/2010\/11\/IMG_1087.jpg?resize=350%2C200&ssl=1 1x, https:\/\/i0.wp.com\/www.reynalddrouhin.net\/edu\/dataflow\/wp-content\/uploads\/2010\/11\/IMG_1087.jpg?resize=525%2C300&ssl=1 1.5x"},"classes":[]},{"id":1266,"url":"https:\/\/www.reynalddrouhin.net\/edu\/dataflow\/2013\/03\/tete-a-tete-lorraine-vivien\/","url_meta":{"origin":3026,"position":4},"title":"T\u00eate \u00e0 t\u00eate \/ Lorraine Vivien","author":"Reynald Drouhin","date":"15 mars 2013","format":false,"excerpt":"Lorraine Vivien, T\u00eate \u00e0 t\u00eate, photographie, 164 x 111 cm, 2013. Action performative ayant donn\u00e9 lieu \u00e0 une photographie. Introduction d'une pr\u00e9sence intimiste en milieu anonyme urbain. Deux chaises, l'une vide, l'autre occup\u00e9e, post\u00e9es sur un lieu de passage. Une pr\u00e9sence, une absence. Qu'en reste-il ? La confrontation de deux\u2026","rel":"","context":"Dans &quot;\u00c9tudiants&quot;","block_context":{"text":"\u00c9tudiants","link":"https:\/\/www.reynalddrouhin.net\/edu\/dataflow\/category\/projets\/etudiants\/"},"img":{"alt_text":"","src":"https:\/\/i0.wp.com\/www.reynalddrouhin.net\/edu\/dataflow\/wp-content\/uploads\/2013\/03\/483657_10151547896380449_1991979723_n.jpg?resize=350%2C200&ssl=1","width":350,"height":200,"srcset":"https:\/\/i0.wp.com\/www.reynalddrouhin.net\/edu\/dataflow\/wp-content\/uploads\/2013\/03\/483657_10151547896380449_1991979723_n.jpg?resize=350%2C200&ssl=1 1x, https:\/\/i0.wp.com\/www.reynalddrouhin.net\/edu\/dataflow\/wp-content\/uploads\/2013\/03\/483657_10151547896380449_1991979723_n.jpg?resize=525%2C300&ssl=1 1.5x, https:\/\/i0.wp.com\/www.reynalddrouhin.net\/edu\/dataflow\/wp-content\/uploads\/2013\/03\/483657_10151547896380449_1991979723_n.jpg?resize=700%2C400&ssl=1 2x"},"classes":[]},{"id":6480,"url":"https:\/\/www.reynalddrouhin.net\/edu\/dataflow\/2025\/12\/monstera-mariam-silagadze\/","url_meta":{"origin":3026,"position":5},"title":"Monstera \/ Mariam Silagadze","author":"Reynald Drouhin","date":"9 d\u00e9cembre 2025","format":false,"excerpt":"La Monstera comme m\u00e9taphore du corps f\u00e9minin Le langage commun de la respiration La monstera grandit dans le silence. Sur ses feuilles tombe la lumi\u00e8re, comme un souffle ti\u00e8de. L\u2019espace s\u2019ouvre, comme une peau qui se d\u00e9ploie de l\u2019int\u00e9rieur. Un corps plein de fentes, comme le corps d\u2019une femme, non\u2026","rel":"","context":"Dans &quot;\u00c9tudiants&quot;","block_context":{"text":"\u00c9tudiants","link":"https:\/\/www.reynalddrouhin.net\/edu\/dataflow\/category\/projets\/etudiants\/"},"img":{"alt_text":"","src":"https:\/\/i0.wp.com\/www.reynalddrouhin.net\/edu\/dataflow\/wp-content\/uploads\/2025\/12\/m.jpg?resize=350%2C200&ssl=1","width":350,"height":200,"srcset":"https:\/\/i0.wp.com\/www.reynalddrouhin.net\/edu\/dataflow\/wp-content\/uploads\/2025\/12\/m.jpg?resize=350%2C200&ssl=1 1x, https:\/\/i0.wp.com\/www.reynalddrouhin.net\/edu\/dataflow\/wp-content\/uploads\/2025\/12\/m.jpg?resize=525%2C300&ssl=1 1.5x, https:\/\/i0.wp.com\/www.reynalddrouhin.net\/edu\/dataflow\/wp-content\/uploads\/2025\/12\/m.jpg?resize=700%2C400&ssl=1 2x, https:\/\/i0.wp.com\/www.reynalddrouhin.net\/edu\/dataflow\/wp-content\/uploads\/2025\/12\/m.jpg?resize=1050%2C600&ssl=1 3x, https:\/\/i0.wp.com\/www.reynalddrouhin.net\/edu\/dataflow\/wp-content\/uploads\/2025\/12\/m.jpg?resize=1400%2C800&ssl=1 4x"},"classes":[]}],"jetpack_sharing_enabled":true,"_links":{"self":[{"href":"https:\/\/www.reynalddrouhin.net\/edu\/dataflow\/wp-json\/wp\/v2\/posts\/3026","targetHints":{"allow":["GET"]}}],"collection":[{"href":"https:\/\/www.reynalddrouhin.net\/edu\/dataflow\/wp-json\/wp\/v2\/posts"}],"about":[{"href":"https:\/\/www.reynalddrouhin.net\/edu\/dataflow\/wp-json\/wp\/v2\/types\/post"}],"author":[{"embeddable":true,"href":"https:\/\/www.reynalddrouhin.net\/edu\/dataflow\/wp-json\/wp\/v2\/users\/20"}],"replies":[{"embeddable":true,"href":"https:\/\/www.reynalddrouhin.net\/edu\/dataflow\/wp-json\/wp\/v2\/comments?post=3026"}],"version-history":[{"count":0,"href":"https:\/\/www.reynalddrouhin.net\/edu\/dataflow\/wp-json\/wp\/v2\/posts\/3026\/revisions"}],"wp:featuredmedia":[{"embeddable":true,"href":"https:\/\/www.reynalddrouhin.net\/edu\/dataflow\/wp-json\/wp\/v2\/media\/3253"}],"wp:attachment":[{"href":"https:\/\/www.reynalddrouhin.net\/edu\/dataflow\/wp-json\/wp\/v2\/media?parent=3026"}],"wp:term":[{"taxonomy":"category","embeddable":true,"href":"https:\/\/www.reynalddrouhin.net\/edu\/dataflow\/wp-json\/wp\/v2\/categories?post=3026"},{"taxonomy":"post_tag","embeddable":true,"href":"https:\/\/www.reynalddrouhin.net\/edu\/dataflow\/wp-json\/wp\/v2\/tags?post=3026"}],"curies":[{"name":"wp","href":"https:\/\/api.w.org\/{rel}","templated":true}]}}