{"id":3081,"date":"2017-03-13T19:04:14","date_gmt":"2017-03-13T17:04:14","guid":{"rendered":"http:\/\/www.reynalddrouhin.net\/edu\/dataflow\/?p=3081"},"modified":"2017-04-26T14:58:26","modified_gmt":"2017-04-26T12:58:26","slug":"jattends-toujours-ton-message-astrid-vandercamere","status":"publish","type":"post","link":"https:\/\/www.reynalddrouhin.net\/edu\/dataflow\/2017\/03\/jattends-toujours-ton-message-astrid-vandercamere\/","title":{"rendered":"J&rsquo;attends toujours ton message, Astrid Vandercamere"},"content":{"rendered":"<p>2017,\u00a0t\u00e9l\u00e9phones, r\u00e9sine rose,\u00a0\u00e9tag\u00e8re 130 x\u00a015 cm<\/p>\n<p>Les\u00a0messages ne sont jamais arriv\u00e9s, le propri\u00e9taire du t\u00e9l\u00e9phone ne r\u00e9pond plus, comme s&rsquo;il avait disparu, s&rsquo;il s&rsquo;\u00e9tait\u00a0compl\u00e8tement\u00a0d\u00e9connect\u00e9. Son portable est retrouv\u00e9\u00a0cristallis\u00e9, tel un fossile, un vestige technologique, dans un bloc de r\u00e9sine rose.\u00a0Neuf t\u00e9l\u00e9phones portables\u00a0de diff\u00e9rentes g\u00e9n\u00e9rations sont ainsi\u00a0expos\u00e9s\u00a0comme t\u00e9moignage d&rsquo;une connexion interrompu et impossible\u00a0a\u00a0reprendre.<\/p>\n<p><a href=\"https:\/\/www.reynalddrouhin.net\/edu\/dataflow\/wp-content\/uploads\/2017\/03\/17192485_1913189905580984_1915636570566463732_o.jpg\"><img loading=\"lazy\" decoding=\"async\" data-attachment-id=\"3082\" data-permalink=\"https:\/\/www.reynalddrouhin.net\/edu\/dataflow\/2017\/03\/jattends-toujours-ton-message-astrid-vandercamere\/17192485_1913189905580984_1915636570566463732_o\/\" data-orig-file=\"https:\/\/www.reynalddrouhin.net\/edu\/dataflow\/wp-content\/uploads\/2017\/03\/17192485_1913189905580984_1915636570566463732_o.jpg\" data-orig-size=\"2048,1570\" data-comments-opened=\"0\" data-image-meta=\"{&quot;aperture&quot;:&quot;0&quot;,&quot;credit&quot;:&quot;&quot;,&quot;camera&quot;:&quot;&quot;,&quot;caption&quot;:&quot;&quot;,&quot;created_timestamp&quot;:&quot;0&quot;,&quot;copyright&quot;:&quot;&quot;,&quot;focal_length&quot;:&quot;0&quot;,&quot;iso&quot;:&quot;0&quot;,&quot;shutter_speed&quot;:&quot;0&quot;,&quot;title&quot;:&quot;&quot;,&quot;orientation&quot;:&quot;0&quot;}\" data-image-title=\"17192485_1913189905580984_1915636570566463732_o\" data-image-description=\"\" data-image-caption=\"\" data-large-file=\"https:\/\/www.reynalddrouhin.net\/edu\/dataflow\/wp-content\/uploads\/2017\/03\/17192485_1913189905580984_1915636570566463732_o-710x544.jpg\" class=\"alignnone size-large wp-image-3082\" src=\"https:\/\/www.reynalddrouhin.net\/edu\/dataflow\/wp-content\/uploads\/2017\/03\/17192485_1913189905580984_1915636570566463732_o-710x544.jpg\" alt=\"\" width=\"620\" height=\"475\" srcset=\"https:\/\/www.reynalddrouhin.net\/edu\/dataflow\/wp-content\/uploads\/2017\/03\/17192485_1913189905580984_1915636570566463732_o-710x544.jpg 710w, https:\/\/www.reynalddrouhin.net\/edu\/dataflow\/wp-content\/uploads\/2017\/03\/17192485_1913189905580984_1915636570566463732_o-300x230.jpg 300w, https:\/\/www.reynalddrouhin.net\/edu\/dataflow\/wp-content\/uploads\/2017\/03\/17192485_1913189905580984_1915636570566463732_o-768x589.jpg 768w, https:\/\/www.reynalddrouhin.net\/edu\/dataflow\/wp-content\/uploads\/2017\/03\/17192485_1913189905580984_1915636570566463732_o-973x746.jpg 973w, https:\/\/www.reynalddrouhin.net\/edu\/dataflow\/wp-content\/uploads\/2017\/03\/17192485_1913189905580984_1915636570566463732_o-508x389.jpg 508w, https:\/\/www.reynalddrouhin.net\/edu\/dataflow\/wp-content\/uploads\/2017\/03\/17192485_1913189905580984_1915636570566463732_o.jpg 2048w\" sizes=\"auto, (max-width: 620px) 100vw, 620px\" \/><\/a><\/p>\n","protected":false},"excerpt":{"rendered":"<p>2017,\u00a0t\u00e9l\u00e9phones, r\u00e9sine rose,\u00a0\u00e9tag\u00e8re 130 x\u00a015 cm Les\u00a0messages ne sont jamais arriv\u00e9s, le propri\u00e9taire du t\u00e9l\u00e9phone ne r\u00e9pond plus, comme s&rsquo;il avait disparu, s&rsquo;il s&rsquo;\u00e9tait\u00a0compl\u00e8tement\u00a0d\u00e9connect\u00e9. Son portable est retrouv\u00e9\u00a0cristallis\u00e9,&#8230;<\/p>\n","protected":false},"author":20,"featured_media":3252,"comment_status":"closed","ping_status":"open","sticky":false,"template":"","format":"standard","meta":{"jetpack_post_was_ever_published":false,"_jetpack_newsletter_access":"","_jetpack_dont_email_post_to_subs":true,"_jetpack_newsletter_tier_id":0,"_jetpack_memberships_contains_paywalled_content":false,"_jetpack_memberships_contains_paid_content":false,"footnotes":""},"categories":[37,4],"tags":[525,367],"class_list":["post-3081","post","type-post","status-publish","format-standard","has-post-thumbnail","hentry","category-etudiants","category-projets","tag-rose","tag-telephone"],"jetpack_featured_media_url":"https:\/\/www.reynalddrouhin.net\/edu\/dataflow\/wp-content\/uploads\/2017\/03\/IMG_7187.jpg","jetpack_shortlink":"https:\/\/wp.me\/p72hC6-NH","jetpack-related-posts":[{"id":2833,"url":"https:\/\/www.reynalddrouhin.net\/edu\/dataflow\/2017\/03\/deconnexions\/","url_meta":{"origin":3081,"position":0},"title":"D\u00e9connexions","author":"Reynald Drouhin","date":"15 mars 2017","format":false,"excerpt":"Exposition Exposition \"D\u00e9connexions\" du 2 au 12 mai 2017 de 12h \u00e0 18h du mardi au samedi \u00e0 la galerie Vanessa Quang,\u00a07,\u00a0Rue des Filles-du-Calvaire,\u00a075003 Paris Vernissage le 2 mai 2017 de 18h \u00e0 21h L\u2019EESAB \u2013 Rennes et la Galerie Vanessa Quang pr\u00e9sentent D\u00c9CONNEXIONS GROUP SHOW Une proposition de Reynald\u2026","rel":"","context":"Dans &quot;Expositions&quot;","block_context":{"text":"Expositions","link":"https:\/\/www.reynalddrouhin.net\/edu\/dataflow\/category\/projets\/expositions\/"},"img":{"alt_text":"","src":"https:\/\/i0.wp.com\/www.reynalddrouhin.net\/edu\/dataflow\/wp-content\/uploads\/2017\/02\/invitation-HD.png?resize=350%2C200&ssl=1","width":350,"height":200,"srcset":"https:\/\/i0.wp.com\/www.reynalddrouhin.net\/edu\/dataflow\/wp-content\/uploads\/2017\/02\/invitation-HD.png?resize=350%2C200&ssl=1 1x, https:\/\/i0.wp.com\/www.reynalddrouhin.net\/edu\/dataflow\/wp-content\/uploads\/2017\/02\/invitation-HD.png?resize=525%2C300&ssl=1 1.5x, https:\/\/i0.wp.com\/www.reynalddrouhin.net\/edu\/dataflow\/wp-content\/uploads\/2017\/02\/invitation-HD.png?resize=700%2C400&ssl=1 2x, https:\/\/i0.wp.com\/www.reynalddrouhin.net\/edu\/dataflow\/wp-content\/uploads\/2017\/02\/invitation-HD.png?resize=1050%2C600&ssl=1 3x, https:\/\/i0.wp.com\/www.reynalddrouhin.net\/edu\/dataflow\/wp-content\/uploads\/2017\/02\/invitation-HD.png?resize=1400%2C800&ssl=1 4x"},"classes":[]},{"id":3026,"url":"https:\/\/www.reynalddrouhin.net\/edu\/dataflow\/2017\/03\/cartographie-dondes-rose-le-bescond\/","url_meta":{"origin":3081,"position":1},"title":"Cartographie d&rsquo;ondes, Rose Le Bescond","author":"Reynald Drouhin","date":"9 mars 2017","format":false,"excerpt":"2017, installation photographies, 250 x 200 cm \u00ab Un champ \u00e9lectromagn\u00e9tique haute fr\u00e9quence appara\u00eet d\u00e8s lors que des charges \u00e9lectriques sont en mouvement. Ce champ r\u00e9sulte de la combinaison de deux ondes (l\u2019une \u00e9lectrique, l\u2019autre magn\u00e9tique), qui se propagent \u00e0 la vitesse de la lumi\u00e8re. \u00bb Cette d\u00e9finition de l'INRS\u2026","rel":"","context":"Dans &quot;\u00c9tudiants&quot;","block_context":{"text":"\u00c9tudiants","link":"https:\/\/www.reynalddrouhin.net\/edu\/dataflow\/category\/projets\/etudiants\/"},"img":{"alt_text":"","src":"https:\/\/i0.wp.com\/www.reynalddrouhin.net\/edu\/dataflow\/wp-content\/uploads\/2017\/03\/IMG_7211.jpg?resize=350%2C200&ssl=1","width":350,"height":200,"srcset":"https:\/\/i0.wp.com\/www.reynalddrouhin.net\/edu\/dataflow\/wp-content\/uploads\/2017\/03\/IMG_7211.jpg?resize=350%2C200&ssl=1 1x, https:\/\/i0.wp.com\/www.reynalddrouhin.net\/edu\/dataflow\/wp-content\/uploads\/2017\/03\/IMG_7211.jpg?resize=525%2C300&ssl=1 1.5x, https:\/\/i0.wp.com\/www.reynalddrouhin.net\/edu\/dataflow\/wp-content\/uploads\/2017\/03\/IMG_7211.jpg?resize=700%2C400&ssl=1 2x, https:\/\/i0.wp.com\/www.reynalddrouhin.net\/edu\/dataflow\/wp-content\/uploads\/2017\/03\/IMG_7211.jpg?resize=1050%2C600&ssl=1 3x, https:\/\/i0.wp.com\/www.reynalddrouhin.net\/edu\/dataflow\/wp-content\/uploads\/2017\/03\/IMG_7211.jpg?resize=1400%2C800&ssl=1 4x"},"classes":[]},{"id":5933,"url":"https:\/\/www.reynalddrouhin.net\/edu\/dataflow\/2025\/01\/le-monde-des-vagues-jules-subrenat\/","url_meta":{"origin":3081,"position":2},"title":"Le monde des vagues \/ Jules Subrenat","author":"Reynald Drouhin","date":"22 janvier 2025","format":false,"excerpt":"Le monde des vagues est-il si idyllique que l\u2019on peut le croire ? Avec son esth\u00e9tique l\u00e9cher, le surf para\u00eet \u00eatre une activit\u00e9 de r\u00eave mais qu\u2019en est-il vraiment ? Outre le fait que les vagues bleu turquoise qui se referme en un tube parfaitement lisse ne seront r\u00e9serv\u00e9s qu\u2019\u00e0\u2026","rel":"","context":"Dans &quot;\u00c9tudiants&quot;","block_context":{"text":"\u00c9tudiants","link":"https:\/\/www.reynalddrouhin.net\/edu\/dataflow\/category\/projets\/etudiants\/"},"img":{"alt_text":"","src":"https:\/\/i0.wp.com\/www.reynalddrouhin.net\/edu\/dataflow\/wp-content\/uploads\/2025\/01\/surf.png?resize=350%2C200&ssl=1","width":350,"height":200,"srcset":"https:\/\/i0.wp.com\/www.reynalddrouhin.net\/edu\/dataflow\/wp-content\/uploads\/2025\/01\/surf.png?resize=350%2C200&ssl=1 1x, https:\/\/i0.wp.com\/www.reynalddrouhin.net\/edu\/dataflow\/wp-content\/uploads\/2025\/01\/surf.png?resize=525%2C300&ssl=1 1.5x, https:\/\/i0.wp.com\/www.reynalddrouhin.net\/edu\/dataflow\/wp-content\/uploads\/2025\/01\/surf.png?resize=700%2C400&ssl=1 2x"},"classes":[]},{"id":2885,"url":"https:\/\/www.reynalddrouhin.net\/edu\/dataflow\/2017\/02\/ton-reseau-social-en-kit-astrid-vandercamere\/","url_meta":{"origin":3081,"position":3},"title":"Ton r\u00e9seau social en Kit, Astrid Vandercamere","author":"Reynald Drouhin","date":"22 f\u00e9vrier 2017","format":false,"excerpt":"2016,\u00a0s\u00e9rigraphie, impression num\u00e9rique, bonbon et r\u00e9sine Le projet pr\u00e9sente l'id\u00e9e d'un kit ludique et ( j'esp\u00e8re) amusant, qui transpose les codes et fonctionnalit\u00e9s d'un r\u00e9seau social de fa\u00e7on \u00e0 pouvoir les reproduire sans ordinateur au quotidien. Il a \u00e9t\u00e9 pens\u00e9 par rassemblement de petits \u00e9l\u00e9ments permettant chacun l'utilisation d'une technique\u2026","rel":"","context":"Dans &quot;\u00c9tudiants&quot;","block_context":{"text":"\u00c9tudiants","link":"https:\/\/www.reynalddrouhin.net\/edu\/dataflow\/category\/projets\/etudiants\/"},"img":{"alt_text":"","src":"https:\/\/i0.wp.com\/www.reynalddrouhin.net\/edu\/dataflow\/wp-content\/uploads\/2017\/02\/Sans-titre-1.jpg?resize=350%2C200&ssl=1","width":350,"height":200,"srcset":"https:\/\/i0.wp.com\/www.reynalddrouhin.net\/edu\/dataflow\/wp-content\/uploads\/2017\/02\/Sans-titre-1.jpg?resize=350%2C200&ssl=1 1x, https:\/\/i0.wp.com\/www.reynalddrouhin.net\/edu\/dataflow\/wp-content\/uploads\/2017\/02\/Sans-titre-1.jpg?resize=525%2C300&ssl=1 1.5x, https:\/\/i0.wp.com\/www.reynalddrouhin.net\/edu\/dataflow\/wp-content\/uploads\/2017\/02\/Sans-titre-1.jpg?resize=700%2C400&ssl=1 2x, https:\/\/i0.wp.com\/www.reynalddrouhin.net\/edu\/dataflow\/wp-content\/uploads\/2017\/02\/Sans-titre-1.jpg?resize=1050%2C600&ssl=1 3x"},"classes":[]},{"id":2925,"url":"https:\/\/www.reynalddrouhin.net\/edu\/dataflow\/2017\/02\/palettes-johanna-cartier\/","url_meta":{"origin":3081,"position":4},"title":"Palettes, Johanna Cartier","author":"Reynald Drouhin","date":"28 f\u00e9vrier 2017","format":false,"excerpt":"2017, peinture sur t\u00e9l\u00e9phones grillage, environ 300 x 150 cm Palettes est une installation compos\u00e9e d\u2019une structure principale plane de grillage en plastique extrud\u00e9, \u00e0 mailles carr\u00e9es, qui d\u00e9limite mon espace d\u2019action, tout en me servant de toile. Cette surface \u00e0 \u00ab peindre \u00bb, suspendue au mur, accueille la couleur\u2026","rel":"","context":"Dans &quot;\u00c9tudiants&quot;","block_context":{"text":"\u00c9tudiants","link":"https:\/\/www.reynalddrouhin.net\/edu\/dataflow\/category\/projets\/etudiants\/"},"img":{"alt_text":"","src":"https:\/\/i0.wp.com\/www.reynalddrouhin.net\/edu\/dataflow\/wp-content\/uploads\/2017\/02\/IMG_7272.jpg?resize=350%2C200&ssl=1","width":350,"height":200,"srcset":"https:\/\/i0.wp.com\/www.reynalddrouhin.net\/edu\/dataflow\/wp-content\/uploads\/2017\/02\/IMG_7272.jpg?resize=350%2C200&ssl=1 1x, https:\/\/i0.wp.com\/www.reynalddrouhin.net\/edu\/dataflow\/wp-content\/uploads\/2017\/02\/IMG_7272.jpg?resize=525%2C300&ssl=1 1.5x, https:\/\/i0.wp.com\/www.reynalddrouhin.net\/edu\/dataflow\/wp-content\/uploads\/2017\/02\/IMG_7272.jpg?resize=700%2C400&ssl=1 2x, https:\/\/i0.wp.com\/www.reynalddrouhin.net\/edu\/dataflow\/wp-content\/uploads\/2017\/02\/IMG_7272.jpg?resize=1050%2C600&ssl=1 3x, https:\/\/i0.wp.com\/www.reynalddrouhin.net\/edu\/dataflow\/wp-content\/uploads\/2017\/02\/IMG_7272.jpg?resize=1400%2C800&ssl=1 4x"},"classes":[]},{"id":5743,"url":"https:\/\/www.reynalddrouhin.net\/edu\/dataflow\/2024\/02\/ou-fleurit-lespoir-leo-jamin\/","url_meta":{"origin":3081,"position":5},"title":"O\u00f9 fleurit l&rsquo;espoir ? \/ L\u00e9o Jamin","author":"Reynald Drouhin","date":"10 f\u00e9vrier 2024","format":false,"excerpt":"(peinture acrylique sur papier, sculptage en bois) La l\u00e9gende de Saint Georges raconte l'histoire d'un courageux chevalier c\u00e9l\u00e8bre pour avoir tu\u00e9 un f\u00e9roce dragon pour sauver une princesse et son royaume. Du sang du dragon jaillit une rose qu'il offre \u00e0 sa dame. Ici, le chevalier l\u00e9gendaire tente de se\u2026","rel":"","context":"Dans &quot;\u00c9tudiants&quot;","block_context":{"text":"\u00c9tudiants","link":"https:\/\/www.reynalddrouhin.net\/edu\/dataflow\/category\/projets\/etudiants\/"},"img":{"alt_text":"","src":"https:\/\/i0.wp.com\/www.reynalddrouhin.net\/edu\/dataflow\/wp-content\/uploads\/2024\/05\/Saint-Georges-1b.jpg?resize=350%2C200&ssl=1","width":350,"height":200,"srcset":"https:\/\/i0.wp.com\/www.reynalddrouhin.net\/edu\/dataflow\/wp-content\/uploads\/2024\/05\/Saint-Georges-1b.jpg?resize=350%2C200&ssl=1 1x, https:\/\/i0.wp.com\/www.reynalddrouhin.net\/edu\/dataflow\/wp-content\/uploads\/2024\/05\/Saint-Georges-1b.jpg?resize=525%2C300&ssl=1 1.5x, https:\/\/i0.wp.com\/www.reynalddrouhin.net\/edu\/dataflow\/wp-content\/uploads\/2024\/05\/Saint-Georges-1b.jpg?resize=700%2C400&ssl=1 2x, https:\/\/i0.wp.com\/www.reynalddrouhin.net\/edu\/dataflow\/wp-content\/uploads\/2024\/05\/Saint-Georges-1b.jpg?resize=1050%2C600&ssl=1 3x"},"classes":[]}],"jetpack_sharing_enabled":true,"_links":{"self":[{"href":"https:\/\/www.reynalddrouhin.net\/edu\/dataflow\/wp-json\/wp\/v2\/posts\/3081","targetHints":{"allow":["GET"]}}],"collection":[{"href":"https:\/\/www.reynalddrouhin.net\/edu\/dataflow\/wp-json\/wp\/v2\/posts"}],"about":[{"href":"https:\/\/www.reynalddrouhin.net\/edu\/dataflow\/wp-json\/wp\/v2\/types\/post"}],"author":[{"embeddable":true,"href":"https:\/\/www.reynalddrouhin.net\/edu\/dataflow\/wp-json\/wp\/v2\/users\/20"}],"replies":[{"embeddable":true,"href":"https:\/\/www.reynalddrouhin.net\/edu\/dataflow\/wp-json\/wp\/v2\/comments?post=3081"}],"version-history":[{"count":0,"href":"https:\/\/www.reynalddrouhin.net\/edu\/dataflow\/wp-json\/wp\/v2\/posts\/3081\/revisions"}],"wp:featuredmedia":[{"embeddable":true,"href":"https:\/\/www.reynalddrouhin.net\/edu\/dataflow\/wp-json\/wp\/v2\/media\/3252"}],"wp:attachment":[{"href":"https:\/\/www.reynalddrouhin.net\/edu\/dataflow\/wp-json\/wp\/v2\/media?parent=3081"}],"wp:term":[{"taxonomy":"category","embeddable":true,"href":"https:\/\/www.reynalddrouhin.net\/edu\/dataflow\/wp-json\/wp\/v2\/categories?post=3081"},{"taxonomy":"post_tag","embeddable":true,"href":"https:\/\/www.reynalddrouhin.net\/edu\/dataflow\/wp-json\/wp\/v2\/tags?post=3081"}],"curies":[{"name":"wp","href":"https:\/\/api.w.org\/{rel}","templated":true}]}}