{"id":3150,"date":"2017-03-14T18:45:20","date_gmt":"2017-03-14T16:45:20","guid":{"rendered":"http:\/\/www.reynalddrouhin.net\/edu\/dataflow\/?p=3150"},"modified":"2017-04-21T20:14:47","modified_gmt":"2017-04-21T18:14:47","slug":"soulever-la-montagne-sanisa-tulyasukh","status":"publish","type":"post","link":"https:\/\/www.reynalddrouhin.net\/edu\/dataflow\/2017\/03\/soulever-la-montagne-sanisa-tulyasukh\/","title":{"rendered":"Soulever la montagne, Sanisa Tulyasukh"},"content":{"rendered":"<p>2017, vid\u00e9o 7 min.<\/p>\n<p><iframe loading=\"lazy\" src=\"https:\/\/player.vimeo.com\/video\/209883301?color=33cc33&amp;title=0&amp;byline=0&amp;portrait=0\" width=\"640\" height=\"360\" frameborder=\"0\" allowfullscreen=\"allowfullscreen\"><\/iframe><\/p>\n<p><a href=\"https:\/\/www.reynalddrouhin.net\/edu\/dataflow\/wp-content\/uploads\/2017\/03\/IMG_7128.jpg\"><img loading=\"lazy\" decoding=\"async\" data-attachment-id=\"3233\" data-permalink=\"https:\/\/www.reynalddrouhin.net\/edu\/dataflow\/2017\/03\/soulever-la-montagne-sanisa-tulyasukh\/img_7128\/\" data-orig-file=\"https:\/\/www.reynalddrouhin.net\/edu\/dataflow\/wp-content\/uploads\/2017\/03\/IMG_7128.jpg\" data-orig-size=\"1500,2000\" data-comments-opened=\"0\" data-image-meta=\"{&quot;aperture&quot;:&quot;0&quot;,&quot;credit&quot;:&quot;&quot;,&quot;camera&quot;:&quot;&quot;,&quot;caption&quot;:&quot;&quot;,&quot;created_timestamp&quot;:&quot;0&quot;,&quot;copyright&quot;:&quot;&quot;,&quot;focal_length&quot;:&quot;0&quot;,&quot;iso&quot;:&quot;0&quot;,&quot;shutter_speed&quot;:&quot;0&quot;,&quot;title&quot;:&quot;&quot;,&quot;orientation&quot;:&quot;0&quot;}\" data-image-title=\"IMG_7128\" data-image-description=\"\" data-image-caption=\"\" data-large-file=\"https:\/\/www.reynalddrouhin.net\/edu\/dataflow\/wp-content\/uploads\/2017\/03\/IMG_7128-710x947.jpg\" class=\"alignnone size-large wp-image-3233\" src=\"https:\/\/www.reynalddrouhin.net\/edu\/dataflow\/wp-content\/uploads\/2017\/03\/IMG_7128-710x947.jpg\" alt=\"\" width=\"620\" height=\"827\" srcset=\"https:\/\/www.reynalddrouhin.net\/edu\/dataflow\/wp-content\/uploads\/2017\/03\/IMG_7128-710x947.jpg 710w, https:\/\/www.reynalddrouhin.net\/edu\/dataflow\/wp-content\/uploads\/2017\/03\/IMG_7128-300x400.jpg 300w, https:\/\/www.reynalddrouhin.net\/edu\/dataflow\/wp-content\/uploads\/2017\/03\/IMG_7128-768x1024.jpg 768w, https:\/\/www.reynalddrouhin.net\/edu\/dataflow\/wp-content\/uploads\/2017\/03\/IMG_7128-973x1297.jpg 973w, https:\/\/www.reynalddrouhin.net\/edu\/dataflow\/wp-content\/uploads\/2017\/03\/IMG_7128-508x677.jpg 508w, https:\/\/www.reynalddrouhin.net\/edu\/dataflow\/wp-content\/uploads\/2017\/03\/IMG_7128.jpg 1500w\" sizes=\"auto, (max-width: 620px) 100vw, 620px\" \/><\/a><\/p>\n","protected":false},"excerpt":{"rendered":"<p>2017, vid\u00e9o 7 min.<\/p>\n","protected":false},"author":20,"featured_media":3218,"comment_status":"closed","ping_status":"open","sticky":false,"template":"","format":"standard","meta":{"jetpack_post_was_ever_published":false,"_jetpack_newsletter_access":"","_jetpack_dont_email_post_to_subs":false,"_jetpack_newsletter_tier_id":0,"_jetpack_memberships_contains_paywalled_content":false,"_jetpack_memberships_contains_paid_content":false,"footnotes":""},"categories":[37,4],"tags":[532,534,533,535],"class_list":["post-3150","post","type-post","status-publish","format-standard","has-post-thumbnail","hentry","category-etudiants","category-projets","tag-montagne","tag-pierre","tag-rocher","tag-separation"],"jetpack_featured_media_url":"https:\/\/www.reynalddrouhin.net\/edu\/dataflow\/wp-content\/uploads\/2017\/03\/Capture-d\u2019\u00e9cran-2017-04-20-\u00e0-14.17.08.png","jetpack_shortlink":"https:\/\/wp.me\/p72hC6-OO","jetpack-related-posts":[{"id":2833,"url":"https:\/\/www.reynalddrouhin.net\/edu\/dataflow\/2017\/03\/deconnexions\/","url_meta":{"origin":3150,"position":0},"title":"D\u00e9connexions","author":"Reynald Drouhin","date":"15 mars 2017","format":false,"excerpt":"Exposition Exposition \"D\u00e9connexions\" du 2 au 12 mai 2017 de 12h \u00e0 18h du mardi au samedi \u00e0 la galerie Vanessa Quang,\u00a07,\u00a0Rue des Filles-du-Calvaire,\u00a075003 Paris Vernissage le 2 mai 2017 de 18h \u00e0 21h L\u2019EESAB \u2013 Rennes et la Galerie Vanessa Quang pr\u00e9sentent D\u00c9CONNEXIONS GROUP SHOW Une proposition de Reynald\u2026","rel":"","context":"Dans &quot;Expositions&quot;","block_context":{"text":"Expositions","link":"https:\/\/www.reynalddrouhin.net\/edu\/dataflow\/category\/projets\/expositions\/"},"img":{"alt_text":"","src":"https:\/\/i0.wp.com\/www.reynalddrouhin.net\/edu\/dataflow\/wp-content\/uploads\/2017\/02\/invitation-HD.png?resize=350%2C200&ssl=1","width":350,"height":200,"srcset":"https:\/\/i0.wp.com\/www.reynalddrouhin.net\/edu\/dataflow\/wp-content\/uploads\/2017\/02\/invitation-HD.png?resize=350%2C200&ssl=1 1x, https:\/\/i0.wp.com\/www.reynalddrouhin.net\/edu\/dataflow\/wp-content\/uploads\/2017\/02\/invitation-HD.png?resize=525%2C300&ssl=1 1.5x, https:\/\/i0.wp.com\/www.reynalddrouhin.net\/edu\/dataflow\/wp-content\/uploads\/2017\/02\/invitation-HD.png?resize=700%2C400&ssl=1 2x, https:\/\/i0.wp.com\/www.reynalddrouhin.net\/edu\/dataflow\/wp-content\/uploads\/2017\/02\/invitation-HD.png?resize=1050%2C600&ssl=1 3x, https:\/\/i0.wp.com\/www.reynalddrouhin.net\/edu\/dataflow\/wp-content\/uploads\/2017\/02\/invitation-HD.png?resize=1400%2C800&ssl=1 4x"},"classes":[]},{"id":2195,"url":"https:\/\/www.reynalddrouhin.net\/edu\/dataflow\/2016\/02\/like-comment-share\/","url_meta":{"origin":3150,"position":1},"title":"Like Comment Share, Sanisa Tulyasukh","author":"Reynald Drouhin","date":"24 f\u00e9vrier 2016","format":false,"excerpt":"2015, installation \u00e9ph\u00e9m\u00e8re in situ, caf\u00e9 moulu pass\u00e9 au pochoir, dimensions variables (environ 3 x 5 m). Le projet fait le parall\u00e8le entre la pause caf\u00e9 conviviale\u00a0et\u00a0les r\u00e9seaux sociaux, nouveaux lieux de rencontres et de discussion. Cette installation \u00e9ph\u00e9m\u00e8re, spatiale et\u00a0olfactive (l'odeur du caf\u00e9 moulu introduit\u00a0l'\u0153uvre avant m\u00eame la vue),\u2026","rel":"","context":"Dans &quot;\u00c9tudiants&quot;","block_context":{"text":"\u00c9tudiants","link":"https:\/\/www.reynalddrouhin.net\/edu\/dataflow\/category\/projets\/etudiants\/"},"img":{"alt_text":"","src":"https:\/\/i0.wp.com\/www.reynalddrouhin.net\/edu\/dataflow\/wp-content\/uploads\/2016\/02\/IMG_3699.jpg?resize=350%2C200&ssl=1","width":350,"height":200,"srcset":"https:\/\/i0.wp.com\/www.reynalddrouhin.net\/edu\/dataflow\/wp-content\/uploads\/2016\/02\/IMG_3699.jpg?resize=350%2C200&ssl=1 1x, https:\/\/i0.wp.com\/www.reynalddrouhin.net\/edu\/dataflow\/wp-content\/uploads\/2016\/02\/IMG_3699.jpg?resize=525%2C300&ssl=1 1.5x, https:\/\/i0.wp.com\/www.reynalddrouhin.net\/edu\/dataflow\/wp-content\/uploads\/2016\/02\/IMG_3699.jpg?resize=700%2C400&ssl=1 2x, https:\/\/i0.wp.com\/www.reynalddrouhin.net\/edu\/dataflow\/wp-content\/uploads\/2016\/02\/IMG_3699.jpg?resize=1050%2C600&ssl=1 3x, https:\/\/i0.wp.com\/www.reynalddrouhin.net\/edu\/dataflow\/wp-content\/uploads\/2016\/02\/IMG_3699.jpg?resize=1400%2C800&ssl=1 4x"},"classes":[]},{"id":2281,"url":"https:\/\/www.reynalddrouhin.net\/edu\/dataflow\/2016\/02\/preparation-de-lexposition\/","url_meta":{"origin":3150,"position":2},"title":"Pr\u00e9paration","author":"Reynald Drouhin","date":"23 f\u00e9vrier 2016","format":false,"excerpt":"Sujet Voir Material Reality Dates Chargement du camion le lundi 11 avril D\u00e9p\u00f4t des oeuvres : d\u00e9part le mardi 12 avril \u00e0 6h - arriv\u00e9e du camion avec Thierry d\u00e9part 6h,\u00a0arriv\u00e9 vers 11h, Geoffrey \u00a0et Reynald pr\u00e9sents \u00e0 la r\u00e9ception \u00e0 Paris et retour vers 17h. Montage du 18 au\u2026","rel":"","context":"Dans &quot;Recherches&quot;","block_context":{"text":"Recherches","link":"https:\/\/www.reynalddrouhin.net\/edu\/dataflow\/category\/projets\/recherches\/"},"img":{"alt_text":"","src":"https:\/\/i0.wp.com\/www.reynalddrouhin.net\/edu\/dataflow\/wp-content\/uploads\/2016\/01\/IMG_2962.jpg?resize=350%2C200&ssl=1","width":350,"height":200,"srcset":"https:\/\/i0.wp.com\/www.reynalddrouhin.net\/edu\/dataflow\/wp-content\/uploads\/2016\/01\/IMG_2962.jpg?resize=350%2C200&ssl=1 1x, https:\/\/i0.wp.com\/www.reynalddrouhin.net\/edu\/dataflow\/wp-content\/uploads\/2016\/01\/IMG_2962.jpg?resize=525%2C300&ssl=1 1.5x, https:\/\/i0.wp.com\/www.reynalddrouhin.net\/edu\/dataflow\/wp-content\/uploads\/2016\/01\/IMG_2962.jpg?resize=700%2C400&ssl=1 2x, https:\/\/i0.wp.com\/www.reynalddrouhin.net\/edu\/dataflow\/wp-content\/uploads\/2016\/01\/IMG_2962.jpg?resize=1050%2C600&ssl=1 3x"},"classes":[]},{"id":2417,"url":"https:\/\/www.reynalddrouhin.net\/edu\/dataflow\/2016\/04\/material-reality\/","url_meta":{"origin":3150,"position":3},"title":"Material Reality","author":"Reynald Drouhin","date":"22 avril 2016","format":false,"excerpt":"\u00a0 Group Show Une proposition de Reynald Drouhin Du 22 avril au 4 mai 2016 Vernissage le vendredi 22 avril 2016 de 17h \u00e0 21h \u00e0 la\u00a0Galerie Vanessa Quang, 7 Rue des Filles du Calvaire, 75003 Paris Artistes expos\u00e9s : C\u00e9lia Calvez,\u00a0Thibault Coudouret,\u00a0Sybil Dary,\u00a0Corentin Derbr\u00e9,\u00a0Geoffrey Jeanville,\u00a0Elisabeth Gomes-Barradas,\u00a0Brendan Keenan,\u00a0Shankar Lestr\u00e9han,\u00a0Alisson Schmitt,\u00a0Lilas\u2026","rel":"","context":"Dans &quot;\u00c9tudiants&quot;","block_context":{"text":"\u00c9tudiants","link":"https:\/\/www.reynalddrouhin.net\/edu\/dataflow\/category\/projets\/etudiants\/"},"img":{"alt_text":"","src":"https:\/\/i0.wp.com\/www.reynalddrouhin.net\/edu\/dataflow\/wp-content\/uploads\/2016\/03\/invitation-material-reality-1.jpg?resize=350%2C200&ssl=1","width":350,"height":200,"srcset":"https:\/\/i0.wp.com\/www.reynalddrouhin.net\/edu\/dataflow\/wp-content\/uploads\/2016\/03\/invitation-material-reality-1.jpg?resize=350%2C200&ssl=1 1x, https:\/\/i0.wp.com\/www.reynalddrouhin.net\/edu\/dataflow\/wp-content\/uploads\/2016\/03\/invitation-material-reality-1.jpg?resize=525%2C300&ssl=1 1.5x, https:\/\/i0.wp.com\/www.reynalddrouhin.net\/edu\/dataflow\/wp-content\/uploads\/2016\/03\/invitation-material-reality-1.jpg?resize=700%2C400&ssl=1 2x, https:\/\/i0.wp.com\/www.reynalddrouhin.net\/edu\/dataflow\/wp-content\/uploads\/2016\/03\/invitation-material-reality-1.jpg?resize=1050%2C600&ssl=1 3x, https:\/\/i0.wp.com\/www.reynalddrouhin.net\/edu\/dataflow\/wp-content\/uploads\/2016\/03\/invitation-material-reality-1.jpg?resize=1400%2C800&ssl=1 4x"},"classes":[]},{"id":2705,"url":"https:\/\/www.reynalddrouhin.net\/edu\/dataflow\/2016\/04\/exposition-material-reality\/","url_meta":{"origin":3150,"position":4},"title":"Exposition \u00ab\u00a0Material Reality\u00a0\u00bb","author":"Reynald Drouhin","date":"22 avril 2016","format":false,"excerpt":"Exposition\u00a0Material Reality\u00a0\u00e0 la\u00a0Galerie Vanessa Quang, du 22 avril au 4 mai 2016 Une proposition de Reynald Drouhin\u00a0en partenariat avec l'EESAB - Rennes Artistes expos\u00e9s : C\u00e9lia Calvez, Sybil Dary,\u00a0Corentin Derbr\u00e9,\u00a0Geoffrey Jeanville,\u00a0Elisabeth Gomes-Barradas,\u00a0Brendan Keenan,\u00a0Shankar Lestr\u00e9han,\u00a0Alisson Schmitt,\u00a0Lilas Souksomboune,\u00a0Sanisa Tulyasukh,\u00a0Miharu Yanai Photos C\u00e9lia Calvez et Reynald Drouhin","rel":"","context":"Dans &quot;Expositions&quot;","block_context":{"text":"Expositions","link":"https:\/\/www.reynalddrouhin.net\/edu\/dataflow\/category\/projets\/expositions\/"},"img":{"alt_text":"","src":"https:\/\/i0.wp.com\/www.reynalddrouhin.net\/edu\/dataflow\/wp-content\/uploads\/2016\/04\/IMG_3688.jpg?resize=350%2C200&ssl=1","width":350,"height":200,"srcset":"https:\/\/i0.wp.com\/www.reynalddrouhin.net\/edu\/dataflow\/wp-content\/uploads\/2016\/04\/IMG_3688.jpg?resize=350%2C200&ssl=1 1x, https:\/\/i0.wp.com\/www.reynalddrouhin.net\/edu\/dataflow\/wp-content\/uploads\/2016\/04\/IMG_3688.jpg?resize=525%2C300&ssl=1 1.5x, https:\/\/i0.wp.com\/www.reynalddrouhin.net\/edu\/dataflow\/wp-content\/uploads\/2016\/04\/IMG_3688.jpg?resize=700%2C400&ssl=1 2x, https:\/\/i0.wp.com\/www.reynalddrouhin.net\/edu\/dataflow\/wp-content\/uploads\/2016\/04\/IMG_3688.jpg?resize=1050%2C600&ssl=1 3x, https:\/\/i0.wp.com\/www.reynalddrouhin.net\/edu\/dataflow\/wp-content\/uploads\/2016\/04\/IMG_3688.jpg?resize=1400%2C800&ssl=1 4x"},"classes":[]},{"id":6189,"url":"https:\/\/www.reynalddrouhin.net\/edu\/dataflow\/2025\/10\/stop-motion-luis-huet\/","url_meta":{"origin":3150,"position":5},"title":"Stop-motion \/ Luis Huet","author":"Reynald Drouhin","date":"4 octobre 2025","format":false,"excerpt":"Vid\u00e9o, 7 min. Projet de stop-motion r\u00e9alis\u00e9 \u00e0 partir de scans de carr\u00e9s de scotchs, travail sur la fragilit\u00e9 de la perception des couleurs. \u00a0","rel":"","context":"Dans &quot;\u00c9tudiants&quot;","block_context":{"text":"\u00c9tudiants","link":"https:\/\/www.reynalddrouhin.net\/edu\/dataflow\/category\/projets\/etudiants\/"},"img":{"alt_text":"","src":"https:\/\/i0.wp.com\/www.reynalddrouhin.net\/edu\/dataflow\/wp-content\/uploads\/2025\/10\/p.png?resize=350%2C200&ssl=1","width":350,"height":200,"srcset":"https:\/\/i0.wp.com\/www.reynalddrouhin.net\/edu\/dataflow\/wp-content\/uploads\/2025\/10\/p.png?resize=350%2C200&ssl=1 1x, https:\/\/i0.wp.com\/www.reynalddrouhin.net\/edu\/dataflow\/wp-content\/uploads\/2025\/10\/p.png?resize=525%2C300&ssl=1 1.5x"},"classes":[]}],"jetpack_sharing_enabled":true,"_links":{"self":[{"href":"https:\/\/www.reynalddrouhin.net\/edu\/dataflow\/wp-json\/wp\/v2\/posts\/3150","targetHints":{"allow":["GET"]}}],"collection":[{"href":"https:\/\/www.reynalddrouhin.net\/edu\/dataflow\/wp-json\/wp\/v2\/posts"}],"about":[{"href":"https:\/\/www.reynalddrouhin.net\/edu\/dataflow\/wp-json\/wp\/v2\/types\/post"}],"author":[{"embeddable":true,"href":"https:\/\/www.reynalddrouhin.net\/edu\/dataflow\/wp-json\/wp\/v2\/users\/20"}],"replies":[{"embeddable":true,"href":"https:\/\/www.reynalddrouhin.net\/edu\/dataflow\/wp-json\/wp\/v2\/comments?post=3150"}],"version-history":[{"count":0,"href":"https:\/\/www.reynalddrouhin.net\/edu\/dataflow\/wp-json\/wp\/v2\/posts\/3150\/revisions"}],"wp:featuredmedia":[{"embeddable":true,"href":"https:\/\/www.reynalddrouhin.net\/edu\/dataflow\/wp-json\/wp\/v2\/media\/3218"}],"wp:attachment":[{"href":"https:\/\/www.reynalddrouhin.net\/edu\/dataflow\/wp-json\/wp\/v2\/media?parent=3150"}],"wp:term":[{"taxonomy":"category","embeddable":true,"href":"https:\/\/www.reynalddrouhin.net\/edu\/dataflow\/wp-json\/wp\/v2\/categories?post=3150"},{"taxonomy":"post_tag","embeddable":true,"href":"https:\/\/www.reynalddrouhin.net\/edu\/dataflow\/wp-json\/wp\/v2\/tags?post=3150"}],"curies":[{"name":"wp","href":"https:\/\/api.w.org\/{rel}","templated":true}]}}