{"id":3968,"date":"2020-02-10T18:00:06","date_gmt":"2020-02-10T16:00:06","guid":{"rendered":"http:\/\/www.reynalddrouhin.net\/edu\/dataflow\/?p=3968"},"modified":"2021-02-15T11:44:58","modified_gmt":"2021-02-15T09:44:58","slug":"gilles-clement","status":"publish","type":"post","link":"https:\/\/www.reynalddrouhin.net\/edu\/dataflow\/2020\/02\/gilles-clement\/","title":{"rendered":"Gilles Cl\u00e9ment"},"content":{"rendered":"<p>Jardinier, paysagiste, botaniste, entomologiste, biologiste et \u00e9crivain fran\u00e7ais<\/p>\n<p>Conf\u00e9rence 10 f\u00e9vrier \u00e0 18h<\/p>\n<p><iframe loading=\"lazy\" src=\"https:\/\/player.vimeo.com\/video\/391517152\" width=\"640\" height=\"360\" frameborder=\"0\" allowfullscreen=\"allowfullscreen\"><\/iframe><\/p>\n<p><a href=\"https:\/\/vimeo.com\/391517152\">Gilles Cl\u00e9ment &#8211; Le 10 f\u00e9vrier 2020 \u00e0 Rennes<\/a> from <a href=\"https:\/\/vimeo.com\/eesab\">EESAB<\/a> on <a href=\"https:\/\/vimeo.com\">Vimeo<\/a>.<\/p>\n<p>Rencontre avec Gilles Cl\u00e9ment <a href=\"http:\/\/www.gillesclement.com\/?fbclid=IwAR0TECLSyx6OWTovyDOtQgrfpOynrNQk6w-dWdITGIx9sYq_4JBWw3cqaU8\" target=\"_blank\" rel=\"noopener nofollow noreferrer\" data-ft=\"{&quot;tn&quot;:&quot;-U&quot;}\" data-lynx-mode=\"origin\" data-lynx-uri=\"https:\/\/l.facebook.com\/l.php?u=http%3A%2F%2Fwww.gillesclement.com%2F%3Ffbclid%3DIwAR0TECLSyx6OWTovyDOtQgrfpOynrNQk6w-dWdITGIx9sYq_4JBWw3cqaU8&amp;h=AT2V-EykhG8TiPqa_jTDJA7e9tcDiQ9nxuSvaPsT-XDBZfcVuF4ByvTPKvbp6pUbvhenIZnr1KqeoI-4eJKUV45FbEQkbzNwAC4qKRCHJ912kusmM9KexGoG9E4xCShOcEpIMEuUPonHOA7GT4RWl9BB6tsd4IC70A\">http:\/\/www.gillesclement.com<\/a><\/p>\n<p>propos\u00e9 par Nicolas Floc&rsquo;h, Caroline Cieslik et Reynald Drouhin<\/p>\n<p>Lundi 10 f\u00e9vrier \u2013 14h-17h30<\/p>\n<div class=\"text_exposed_show\">\n<p>Ouvert aux \u00e9tudiant\u00b7e\u00b7s de la 2e \u00e0 la 5e ann\u00e9e.<\/p>\n<p>En amont de sa conf\u00e9rence \u00e0 l&rsquo;auditorium de l&rsquo;\u00e9cole \u00e0 18h, il propose aux \u00e9tudiant\u00b7e\u00b7s de regarder l&rsquo;\u00e9cole et ses espaces sous un nouvel angle.<\/p>\n<hr \/>\n<p>Gilles Cl\u00e9ment est n\u00e9 en 1943 et enseigne \u00e0 l\u2019Ecole Sup\u00e9rieure du Paysage de Versailles.<\/p>\n<p>Il est \u00e0 la fois botaniste, ing\u00e9nieur agronome, entomologiste, paysagiste et \u00e9crivain. Mais il est avant tout un jardinier qui parcourt la plan\u00e8te et poursuit des travaux th\u00e9oriques et pratiques \u00e0 partir de trois axes de recherche, le Jardin en Mouvement, le Jardin Plan\u00e9taire et le Tiers-Paysage.<\/p>\n<p>Le Jardin en Mouvement s\u2019inspire de la friche, espace de vie laiss\u00e9 au libre d\u00e9veloppement des esp\u00e8ces qui s\u2019y installent et ceci dans un \u00e9tat d\u2019esprit amenant le jardinier \u00e0 \u00ab observer plus et jardiner moins \u00bb. L\u2019une de ses manifestations les plus remarquables \u00e9tant le d\u00e9placement physique des esp\u00e8ces v\u00e9g\u00e9tales sur le terrain, que le jardinier interpr\u00e8te \u00e0 sa guise.<\/p>\n<p>Le Jardin Plan\u00e9taire est \u00ab un projet politique d\u2019\u00e9cologie humaniste \u00bb dont le concept a \u00e9t\u00e9 port\u00e9 \u00e0 la connaissance du public \u00e0 travers un roman\/essai, Thomas et le Voyageur (Albin-Michel, 1996), puis par une exposition dans la Grande Halle de la Villette (1999\/2000) ainsi que par de nombreuses autres \u00e9tudes.<\/p>\n<p>Le Tiers-Paysage se d\u00e9finit comme l\u2019ensemble des espaces o\u00f9 l\u2019\u00e9volution du paysage est abandonn\u00e9e par l\u2019homme \u00e0 \u00ab la seule nature \u00bb. Ce sont les d\u00e9laiss\u00e9s urbains ou ruraux, les espaces de transition, les friches, marais, landes, tourbi\u00e8res, bords de routes, rives,etc\u2026, auxquels s\u2019ajoutent les lieux inaccessibles, les lieux incultes et les r\u00e9serves institutionnelles. Le Tiers-Paysage constitue l\u2019espace privil\u00e9gi\u00e9 d\u2019accueil de la diversit\u00e9 biologique et appara\u00eet comme \u00ab le r\u00e9servoir g\u00e9n\u00e9tique de la plan\u00e8te, l\u2019espace du futur\u2026 \u00bb<\/p>\n<\/div>\n","protected":false},"excerpt":{"rendered":"<p>Jardinier, paysagiste, botaniste, entomologiste, biologiste et \u00e9crivain fran\u00e7ais Conf\u00e9rence 10 f\u00e9vrier \u00e0 18h Gilles Cl\u00e9ment &#8211; Le 10 f\u00e9vrier 2020 \u00e0 Rennes from EESAB on Vimeo. Rencontre avec&#8230;<\/p>\n","protected":false},"author":20,"featured_media":3970,"comment_status":"closed","ping_status":"open","sticky":false,"template":"","format":"standard","meta":{"jetpack_post_was_ever_published":false,"_jetpack_newsletter_access":"","_jetpack_dont_email_post_to_subs":false,"_jetpack_newsletter_tier_id":0,"_jetpack_memberships_contains_paywalled_content":false,"_jetpack_memberships_contains_paid_content":false,"footnotes":""},"categories":[124],"tags":[653,665,651,650,642,664,652,155,666,662,658,649,656,655,48,83,654,663,657,661,659,660],"class_list":["post-3968","post","type-post","status-publish","format-standard","has-post-thumbnail","hentry","category-conferences","tag-artiste","tag-biologique","tag-biologiste","tag-botaniste","tag-changement-climatique","tag-diversite","tag-ecrivain","tag-espace","tag-foret-ideale","tag-friche","tag-herbe","tag-jardin","tag-jardin-planetaire","tag-parcours","tag-paysage","tag-plante","tag-promenade","tag-reserve","tag-tiers-paysage","tag-transition","tag-vagabonde","tag-vivant"],"jetpack_featured_media_url":"https:\/\/www.reynalddrouhin.net\/edu\/dataflow\/wp-content\/uploads\/2020\/01\/gilles-clement364.png","jetpack_shortlink":"https:\/\/wp.me\/p72hC6-120","jetpack-related-posts":[{"id":4367,"url":"https:\/\/www.reynalddrouhin.net\/edu\/dataflow\/2022\/01\/que-restera-t-il-orlane-bourcigaux\/","url_meta":{"origin":3968,"position":0},"title":"Que restera-t-il ? \/ Orlane Bourcigaux","author":"Reynald Drouhin","date":"6 janvier 2022","format":false,"excerpt":"\" QUE RESTERA-T-IL ? Quelles traces laisserons-nous aux (hypoth\u00e9tiques) g\u00e9n\u00e9rations futures ? Il n'y aura pas de ruines, pas comme on l'entend. Notre architecture n'est plus con\u00e7ue pour survivre au temps long. Mais une partie de ce que nous avons produit, oui : nos d\u00e9chets. Les d\u00e9chets seront-ils les ruines\u2026","rel":"","context":"Dans &quot;\u00c9tudiants&quot;","block_context":{"text":"\u00c9tudiants","link":"https:\/\/www.reynalddrouhin.net\/edu\/dataflow\/category\/projets\/etudiants\/"},"img":{"alt_text":"","src":"https:\/\/i0.wp.com\/www.reynalddrouhin.net\/edu\/dataflow\/wp-content\/uploads\/2021\/12\/06-01-2022-Test-Nume%CC%81rique-1-min.jpg?resize=350%2C200&ssl=1","width":350,"height":200,"srcset":"https:\/\/i0.wp.com\/www.reynalddrouhin.net\/edu\/dataflow\/wp-content\/uploads\/2021\/12\/06-01-2022-Test-Nume%CC%81rique-1-min.jpg?resize=350%2C200&ssl=1 1x, https:\/\/i0.wp.com\/www.reynalddrouhin.net\/edu\/dataflow\/wp-content\/uploads\/2021\/12\/06-01-2022-Test-Nume%CC%81rique-1-min.jpg?resize=525%2C300&ssl=1 1.5x, https:\/\/i0.wp.com\/www.reynalddrouhin.net\/edu\/dataflow\/wp-content\/uploads\/2021\/12\/06-01-2022-Test-Nume%CC%81rique-1-min.jpg?resize=700%2C400&ssl=1 2x, https:\/\/i0.wp.com\/www.reynalddrouhin.net\/edu\/dataflow\/wp-content\/uploads\/2021\/12\/06-01-2022-Test-Nume%CC%81rique-1-min.jpg?resize=1050%2C600&ssl=1 3x, https:\/\/i0.wp.com\/www.reynalddrouhin.net\/edu\/dataflow\/wp-content\/uploads\/2021\/12\/06-01-2022-Test-Nume%CC%81rique-1-min.jpg?resize=1400%2C800&ssl=1 4x"},"classes":[]},{"id":470,"url":"https:\/\/www.reynalddrouhin.net\/edu\/dataflow\/2010\/12\/gilles-gerbaud\/","url_meta":{"origin":3968,"position":1},"title":"Gilles Gerbaud","author":"Reynald Drouhin","date":"3 d\u00e9cembre 2010","format":false,"excerpt":"Hangar J3 (port autonome de Marseille), 1997","rel":"","context":"Dans &quot;Artiste&quot;","block_context":{"text":"Artiste","link":"https:\/\/www.reynalddrouhin.net\/edu\/dataflow\/category\/documents\/artiste\/"},"img":{"alt_text":"","src":"https:\/\/i0.wp.com\/www.reynalddrouhin.net\/edu\/dataflow\/wp-content\/uploads\/2010\/12\/hangar.jpg?resize=350%2C200&ssl=1","width":350,"height":200},"classes":[]},{"id":1330,"url":"https:\/\/www.reynalddrouhin.net\/edu\/dataflow\/2013\/03\/aller-simple-clement-le-pallec\/","url_meta":{"origin":3968,"position":2},"title":"Aller simple \/ Cl\u00e9ment Le Pallec","author":"Reynald Drouhin","date":"18 mars 2013","format":false,"excerpt":"Cl\u00e9ment Le Pallec, Aller simple, texte imprim\u00e9 sur feuille A4, 2013. Aller simple est un travail participatif, une invitation non dissimul\u00e9e \u00e0 r\u00e9aliser le voyage entre l'\u00e9cole des beaux arts et l'esplanade du G\u00e9n\u00e9ral de Gaulle, quitter un lieu traditionnel d'exposition, pour en rejoindre un autre moins conventionnel : la\u2026","rel":"","context":"Dans &quot;\u00c9tudiants&quot;","block_context":{"text":"\u00c9tudiants","link":"https:\/\/www.reynalddrouhin.net\/edu\/dataflow\/category\/projets\/etudiants\/"},"img":{"alt_text":"","src":"https:\/\/i0.wp.com\/www.reynalddrouhin.net\/edu\/dataflow\/wp-content\/uploads\/2013\/03\/as2.png?resize=350%2C200&ssl=1","width":350,"height":200},"classes":[]},{"id":4477,"url":"https:\/\/www.reynalddrouhin.net\/edu\/dataflow\/2021\/12\/automates-low-tech-clement-moal\/","url_meta":{"origin":3968,"position":3},"title":"Automates Low-Tech \/ Cl\u00e9ment Moal","author":"Reynald Drouhin","date":"23 d\u00e9cembre 2021","format":false,"excerpt":"Le projet d\u2019automates low-tech consiste en une collection ou un bestiaire de dispositifs autonomes. Ces derniers ont pour objectif de re\u0301pondre a\u0300 des besoins lie\u0301s aux conse\u0301quences du de\u0301re\u0300glement climatique, augmentation de la fre\u0301quence et de la violence des tempe\u0302tes et des orages, monte\u0301e des eaux, re\u0301duction des espaces habitables,\u2026","rel":"","context":"Dans &quot;\u00c9tudiants&quot;","block_context":{"text":"\u00c9tudiants","link":"https:\/\/www.reynalddrouhin.net\/edu\/dataflow\/category\/projets\/etudiants\/"},"img":{"alt_text":"","src":"https:\/\/i0.wp.com\/www.reynalddrouhin.net\/edu\/dataflow\/wp-content\/uploads\/2021\/12\/Ballons-vignes.jpg?resize=350%2C200&ssl=1","width":350,"height":200,"srcset":"https:\/\/i0.wp.com\/www.reynalddrouhin.net\/edu\/dataflow\/wp-content\/uploads\/2021\/12\/Ballons-vignes.jpg?resize=350%2C200&ssl=1 1x, https:\/\/i0.wp.com\/www.reynalddrouhin.net\/edu\/dataflow\/wp-content\/uploads\/2021\/12\/Ballons-vignes.jpg?resize=525%2C300&ssl=1 1.5x, https:\/\/i0.wp.com\/www.reynalddrouhin.net\/edu\/dataflow\/wp-content\/uploads\/2021\/12\/Ballons-vignes.jpg?resize=700%2C400&ssl=1 2x, https:\/\/i0.wp.com\/www.reynalddrouhin.net\/edu\/dataflow\/wp-content\/uploads\/2021\/12\/Ballons-vignes.jpg?resize=1050%2C600&ssl=1 3x, https:\/\/i0.wp.com\/www.reynalddrouhin.net\/edu\/dataflow\/wp-content\/uploads\/2021\/12\/Ballons-vignes.jpg?resize=1400%2C800&ssl=1 4x"},"classes":[]},{"id":921,"url":"https:\/\/www.reynalddrouhin.net\/edu\/dataflow\/2011\/03\/marcher-au-pas\/","url_meta":{"origin":3968,"position":4},"title":"Marcher au pas \/ Cl\u00e9ment Le Pallec","author":"Reynald Drouhin","date":"10 mars 2011","format":false,"excerpt":"","rel":"","context":"Dans &quot;\u00c9tudiants&quot;","block_context":{"text":"\u00c9tudiants","link":"https:\/\/www.reynalddrouhin.net\/edu\/dataflow\/category\/projets\/etudiants\/"},"img":{"alt_text":"","src":"https:\/\/i0.wp.com\/www.reynalddrouhin.net\/edu\/dataflow\/wp-content\/uploads\/2011\/04\/IMG_2335.jpg?resize=350%2C200&ssl=1","width":350,"height":200,"srcset":"https:\/\/i0.wp.com\/www.reynalddrouhin.net\/edu\/dataflow\/wp-content\/uploads\/2011\/04\/IMG_2335.jpg?resize=350%2C200&ssl=1 1x, https:\/\/i0.wp.com\/www.reynalddrouhin.net\/edu\/dataflow\/wp-content\/uploads\/2011\/04\/IMG_2335.jpg?resize=525%2C300&ssl=1 1.5x, https:\/\/i0.wp.com\/www.reynalddrouhin.net\/edu\/dataflow\/wp-content\/uploads\/2011\/04\/IMG_2335.jpg?resize=700%2C400&ssl=1 2x"},"classes":[]},{"id":608,"url":"https:\/\/www.reynalddrouhin.net\/edu\/dataflow\/2011\/01\/in-situ\/","url_meta":{"origin":3968,"position":5},"title":"In situ \/ Cl\u00e9ment Le Pallec","author":"Reynald Drouhin","date":"24 janvier 2011","format":false,"excerpt":"Installation in progress","rel":"","context":"Dans &quot;\u00c9tudiants&quot;","block_context":{"text":"\u00c9tudiants","link":"https:\/\/www.reynalddrouhin.net\/edu\/dataflow\/category\/projets\/etudiants\/"},"img":{"alt_text":"","src":"https:\/\/i0.wp.com\/www.reynalddrouhin.net\/edu\/dataflow\/wp-content\/uploads\/2011\/01\/IMG_0047.jpg?resize=350%2C200&ssl=1","width":350,"height":200},"classes":[]}],"jetpack_sharing_enabled":true,"_links":{"self":[{"href":"https:\/\/www.reynalddrouhin.net\/edu\/dataflow\/wp-json\/wp\/v2\/posts\/3968","targetHints":{"allow":["GET"]}}],"collection":[{"href":"https:\/\/www.reynalddrouhin.net\/edu\/dataflow\/wp-json\/wp\/v2\/posts"}],"about":[{"href":"https:\/\/www.reynalddrouhin.net\/edu\/dataflow\/wp-json\/wp\/v2\/types\/post"}],"author":[{"embeddable":true,"href":"https:\/\/www.reynalddrouhin.net\/edu\/dataflow\/wp-json\/wp\/v2\/users\/20"}],"replies":[{"embeddable":true,"href":"https:\/\/www.reynalddrouhin.net\/edu\/dataflow\/wp-json\/wp\/v2\/comments?post=3968"}],"version-history":[{"count":0,"href":"https:\/\/www.reynalddrouhin.net\/edu\/dataflow\/wp-json\/wp\/v2\/posts\/3968\/revisions"}],"wp:featuredmedia":[{"embeddable":true,"href":"https:\/\/www.reynalddrouhin.net\/edu\/dataflow\/wp-json\/wp\/v2\/media\/3970"}],"wp:attachment":[{"href":"https:\/\/www.reynalddrouhin.net\/edu\/dataflow\/wp-json\/wp\/v2\/media?parent=3968"}],"wp:term":[{"taxonomy":"category","embeddable":true,"href":"https:\/\/www.reynalddrouhin.net\/edu\/dataflow\/wp-json\/wp\/v2\/categories?post=3968"},{"taxonomy":"post_tag","embeddable":true,"href":"https:\/\/www.reynalddrouhin.net\/edu\/dataflow\/wp-json\/wp\/v2\/tags?post=3968"}],"curies":[{"name":"wp","href":"https:\/\/api.w.org\/{rel}","templated":true}]}}