{"id":4045,"date":"2020-05-03T15:23:36","date_gmt":"2020-05-03T13:23:36","guid":{"rendered":"http:\/\/www.reynalddrouhin.net\/edu\/dataflow\/?p=4045"},"modified":"2021-03-07T21:28:31","modified_gmt":"2021-03-07T19:28:31","slug":"maxime-matthys","status":"publish","type":"post","link":"https:\/\/www.reynalddrouhin.net\/edu\/dataflow\/2020\/05\/maxime-matthys\/","title":{"rendered":"Maxime Matthys"},"content":{"rendered":"<p><strong>Sortez couverts<\/strong><\/p>\n<p>Le 23 mars 2020 \u00e0 Rennes, une semaine apr\u00e8s le d\u00e9but du confinement, Maxime Matthys, artiste belge de 25 ans, d\u00e9cide de se lancer dans une performance. Il lui faudra deux jours pour scotcher des centaines d\u2019attestations d\u00e9rogatoires, sign\u00e9es et dat\u00e9es, sur son costume. Son motif de sortie : \u00ab D\u00e9placements brefs, dans la limite d&rsquo;une heure quotidienne et dans un rayon maximal d&rsquo;un kilom\u00e8tre autour du domicile, li\u00e9s soit \u00e0 l&rsquo;activit\u00e9 physique individuelle des personnes, \u00e0 l&rsquo;exclusion de toute pratique sportive collective et de toute proximit\u00e9 avec d&rsquo;autres personnes, soit \u00e0 la promenade avec les seules personnes regroup\u00e9es dans un m\u00eame domicile, soit aux besoins des animaux de compagnie. \u00bb Il sort ensuite pour sa promenade habituelle, moins d\u2019une heure, dans un rayon de 500 m\u00e8tres autour de chez lui.<\/p>\n<p><iframe loading=\"lazy\" src=\"https:\/\/player.vimeo.com\/video\/410552199?autoplay=1&amp;loop=1&amp;byline=0&amp;portrait=0\" width=\"620\" height=\"1102\" frameborder=\"0\" allowfullscreen=\"allowfullscreen\"><\/iframe><\/p>\n<p><a href=\"https:\/\/www.rtbf.be\/musiq3\/actualite\/detail_performance-de-l-artiste-belge-maxime-matthys-l-homme-feuilles-du-confinement-dans-les-rue-de-rennes?id=10485716&amp;fbclid=IwAR13ESoJ1Y9aMnxicZQ3QcCCz-5mkm2DKg5nitVvdjKswCf2wyWAaBanNN0\" target=\"_blank\" rel=\"noopener noreferrer\">https:\/\/www.rtbf.be\/musiq3\/actualite\/detail_performance-de-l-artiste-belge-maxime-matthys-l-homme-feuilles-du-confinement-dans-les-rue-de-rennes?id=10485716&amp;fbclid=IwAR13ESoJ1Y9aMnxicZQ3QcCCz-5mkm2DKg5nitVvdjKswCf2wyWAaBanNN0<\/a><\/p>\n","protected":false},"excerpt":{"rendered":"<p>Sortez couverts Le 23 mars 2020 \u00e0 Rennes, une semaine apr\u00e8s le d\u00e9but du confinement, Maxime Matthys, artiste belge de 25 ans, d\u00e9cide de se lancer dans une&#8230;<\/p>\n","protected":false},"author":20,"featured_media":4046,"comment_status":"closed","ping_status":"open","sticky":false,"template":"","format":"standard","meta":{"jetpack_post_was_ever_published":false,"_jetpack_newsletter_access":"","_jetpack_dont_email_post_to_subs":false,"_jetpack_newsletter_tier_id":0,"_jetpack_memberships_contains_paywalled_content":false,"_jetpack_memberships_contains_paid_content":false,"footnotes":""},"categories":[37,4],"tags":[703,702,676,704,426,705,706,129,654,770,446],"class_list":["post-4045","post","type-post","status-publish","format-standard","has-post-thumbnail","hentry","category-etudiants","category-projets","tag-1km","tag-attestation","tag-collectif","tag-confinement","tag-costume","tag-covid-19","tag-epidemie","tag-performance","tag-promenade","tag-sortir","tag-virus"],"jetpack_featured_media_url":"https:\/\/www.reynalddrouhin.net\/edu\/dataflow\/wp-content\/uploads\/2020\/05\/Maxime4.jpg","jetpack_shortlink":"https:\/\/wp.me\/p72hC6-13f","jetpack-related-posts":[{"id":4185,"url":"https:\/\/www.reynalddrouhin.net\/edu\/dataflow\/2021\/02\/sara-laville\/","url_meta":{"origin":4045,"position":0},"title":"Sara Laville (aka sara ytic)","author":"Reynald Drouhin","date":"1 f\u00e9vrier 2021","format":false,"excerpt":"La shoe myst\u00e8re Pendant le confinement I, je suis rest\u00e9e seule dans un 25m2. J\u2019ai commenc\u00e9 \u00e0 me cr\u00e9er des comptes sur diff\u00e9rents jeux ou forums et \u00e0 avoir de vraies interactions virtuelles avec des vrais gens virtuels. L\u00e0 a commenc\u00e9 une nouvelle vraie vie. J\u2019ai d\u00e9couvert de nouveaux espaces,\u2026","rel":"","context":"Dans &quot;\u00c9tudiants&quot;","block_context":{"text":"\u00c9tudiants","link":"https:\/\/www.reynalddrouhin.net\/edu\/dataflow\/category\/projets\/etudiants\/"},"img":{"alt_text":"","src":"https:\/\/i0.wp.com\/www.reynalddrouhin.net\/edu\/dataflow\/wp-content\/uploads\/2021\/02\/sara-laville.jpg?resize=350%2C200&ssl=1","width":350,"height":200,"srcset":"https:\/\/i0.wp.com\/www.reynalddrouhin.net\/edu\/dataflow\/wp-content\/uploads\/2021\/02\/sara-laville.jpg?resize=350%2C200&ssl=1 1x, https:\/\/i0.wp.com\/www.reynalddrouhin.net\/edu\/dataflow\/wp-content\/uploads\/2021\/02\/sara-laville.jpg?resize=525%2C300&ssl=1 1.5x, https:\/\/i0.wp.com\/www.reynalddrouhin.net\/edu\/dataflow\/wp-content\/uploads\/2021\/02\/sara-laville.jpg?resize=700%2C400&ssl=1 2x, https:\/\/i0.wp.com\/www.reynalddrouhin.net\/edu\/dataflow\/wp-content\/uploads\/2021\/02\/sara-laville.jpg?resize=1050%2C600&ssl=1 3x, https:\/\/i0.wp.com\/www.reynalddrouhin.net\/edu\/dataflow\/wp-content\/uploads\/2021\/02\/sara-laville.jpg?resize=1400%2C800&ssl=1 4x"},"classes":[]},{"id":4085,"url":"https:\/\/www.reynalddrouhin.net\/edu\/dataflow\/2020\/12\/lea-balvay\/","url_meta":{"origin":4045,"position":1},"title":"L\u00e9a Balvay","author":"Reynald Drouhin","date":"4 d\u00e9cembre 2020","format":false,"excerpt":"Faire l'autruche De mani\u00e8re individuelle ou collective, sommes-nous capable de relever la t\u00eate \u00e0 temps pour questionner nos modes de d\u00e9veloppement, de changer radicalement nos fa\u00e7ons de penser, d\u2019agir, d\u2019envisager l\u2019avenir, de sortir de notre zone de confort ?\u00a0 Ici, je viens interroger la fa\u00e7on dont la soci\u00e9t\u00e9 se construit\u2026","rel":"","context":"Dans &quot;\u00c9tudiants&quot;","block_context":{"text":"\u00c9tudiants","link":"https:\/\/www.reynalddrouhin.net\/edu\/dataflow\/category\/projets\/etudiants\/"},"img":{"alt_text":"","src":"https:\/\/i0.wp.com\/www.reynalddrouhin.net\/edu\/dataflow\/wp-content\/uploads\/2020\/12\/DSC02878-scaled.jpeg?resize=350%2C200&ssl=1","width":350,"height":200,"srcset":"https:\/\/i0.wp.com\/www.reynalddrouhin.net\/edu\/dataflow\/wp-content\/uploads\/2020\/12\/DSC02878-scaled.jpeg?resize=350%2C200&ssl=1 1x, https:\/\/i0.wp.com\/www.reynalddrouhin.net\/edu\/dataflow\/wp-content\/uploads\/2020\/12\/DSC02878-scaled.jpeg?resize=525%2C300&ssl=1 1.5x, https:\/\/i0.wp.com\/www.reynalddrouhin.net\/edu\/dataflow\/wp-content\/uploads\/2020\/12\/DSC02878-scaled.jpeg?resize=700%2C400&ssl=1 2x, https:\/\/i0.wp.com\/www.reynalddrouhin.net\/edu\/dataflow\/wp-content\/uploads\/2020\/12\/DSC02878-scaled.jpeg?resize=1050%2C600&ssl=1 3x, https:\/\/i0.wp.com\/www.reynalddrouhin.net\/edu\/dataflow\/wp-content\/uploads\/2020\/12\/DSC02878-scaled.jpeg?resize=1400%2C800&ssl=1 4x"},"classes":[]},{"id":4744,"url":"https:\/\/www.reynalddrouhin.net\/edu\/dataflow\/2022\/12\/hee-rak-park-sortie-du-sommeil\/","url_meta":{"origin":4045,"position":2},"title":"Hee Rak Park \/ Sortie du sommeil","author":"Reynald Drouhin","date":"12 d\u00e9cembre 2022","format":false,"excerpt":"\u00a0 En moyenne, une personne passe 1\/3 de sa vie \u00e0 dormir. En supposant une dur\u00e9e de vie de 90 ans, cela \u00e9quivaut \u00e0 passer environ 30 ans au lit, \u00e0 dormir. Dans la soci\u00e9t\u00e9, au rythme effr\u00e9n\u00e9 d'aujourd'hui, le sommeil n'est qu'une perte de temps, exag\u00e9r\u00e9ment consid\u00e9r\u00e9e comme un\u2026","rel":"","context":"Dans &quot;\u00c9tudiants&quot;","block_context":{"text":"\u00c9tudiants","link":"https:\/\/www.reynalddrouhin.net\/edu\/dataflow\/category\/projets\/etudiants\/"},"img":{"alt_text":"","src":"https:\/\/i0.wp.com\/www.reynalddrouhin.net\/edu\/dataflow\/wp-content\/uploads\/2023\/03\/IMG_1072.jpg?resize=350%2C200&ssl=1","width":350,"height":200,"srcset":"https:\/\/i0.wp.com\/www.reynalddrouhin.net\/edu\/dataflow\/wp-content\/uploads\/2023\/03\/IMG_1072.jpg?resize=350%2C200&ssl=1 1x, https:\/\/i0.wp.com\/www.reynalddrouhin.net\/edu\/dataflow\/wp-content\/uploads\/2023\/03\/IMG_1072.jpg?resize=525%2C300&ssl=1 1.5x, https:\/\/i0.wp.com\/www.reynalddrouhin.net\/edu\/dataflow\/wp-content\/uploads\/2023\/03\/IMG_1072.jpg?resize=700%2C400&ssl=1 2x, https:\/\/i0.wp.com\/www.reynalddrouhin.net\/edu\/dataflow\/wp-content\/uploads\/2023\/03\/IMG_1072.jpg?resize=1050%2C600&ssl=1 3x, https:\/\/i0.wp.com\/www.reynalddrouhin.net\/edu\/dataflow\/wp-content\/uploads\/2023\/03\/IMG_1072.jpg?resize=1400%2C800&ssl=1 4x"},"classes":[]},{"id":4168,"url":"https:\/\/www.reynalddrouhin.net\/edu\/dataflow\/2021\/01\/aariel-lupin\/","url_meta":{"origin":4045,"position":3},"title":"aariel lupin","author":"Reynald Drouhin","date":"12 janvier 2021","format":false,"excerpt":"\u00a0 A chaque jour suffit sa peine Vid\u00e9o en cours Il y a des n\u0153uds, des portails, des enlacements. Des dimensions parall\u00e8le aux autres, mais qui se croisent sans cesse. Un r\u00e9cit alternatif dans lequel on serait (presque) dans le m\u00eame monde. Quels sont les influences du r\u00e9el sur le\u2026","rel":"","context":"Dans &quot;\u00c9tudiants&quot;","block_context":{"text":"\u00c9tudiants","link":"https:\/\/www.reynalddrouhin.net\/edu\/dataflow\/category\/projets\/etudiants\/"},"img":{"alt_text":"","src":"https:\/\/i0.wp.com\/www.reynalddrouhin.net\/edu\/dataflow\/wp-content\/uploads\/2021\/01\/sorcier-chat-chevalier-045-scaled.jpg?resize=350%2C200&ssl=1","width":350,"height":200,"srcset":"https:\/\/i0.wp.com\/www.reynalddrouhin.net\/edu\/dataflow\/wp-content\/uploads\/2021\/01\/sorcier-chat-chevalier-045-scaled.jpg?resize=350%2C200&ssl=1 1x, https:\/\/i0.wp.com\/www.reynalddrouhin.net\/edu\/dataflow\/wp-content\/uploads\/2021\/01\/sorcier-chat-chevalier-045-scaled.jpg?resize=525%2C300&ssl=1 1.5x, https:\/\/i0.wp.com\/www.reynalddrouhin.net\/edu\/dataflow\/wp-content\/uploads\/2021\/01\/sorcier-chat-chevalier-045-scaled.jpg?resize=700%2C400&ssl=1 2x, https:\/\/i0.wp.com\/www.reynalddrouhin.net\/edu\/dataflow\/wp-content\/uploads\/2021\/01\/sorcier-chat-chevalier-045-scaled.jpg?resize=1050%2C600&ssl=1 3x, https:\/\/i0.wp.com\/www.reynalddrouhin.net\/edu\/dataflow\/wp-content\/uploads\/2021\/01\/sorcier-chat-chevalier-045-scaled.jpg?resize=1400%2C800&ssl=1 4x"},"classes":[]},{"id":4765,"url":"https:\/\/www.reynalddrouhin.net\/edu\/dataflow\/2023\/01\/danae-jungers\/","url_meta":{"origin":4045,"position":4},"title":"Danae\u0301 Jungers \/ Les Adelphes de la nuit","author":"Reynald Drouhin","date":"10 janvier 2023","format":false,"excerpt":"Les Adelphes de la Nuit from Dana\u00e9 Jungers on Vimeo. film\/vid\u00e9o d'anticipation : une histoire qui se passe dans 5 ans. L'id\u00e9e est, comme souvent dans les films d'anticipations, de parler de ce qu'il se passe maintenant en utilisant un future proche. Le choix des 5 ans est pour souligner\u2026","rel":"","context":"Dans &quot;\u00c9tudiants&quot;","block_context":{"text":"\u00c9tudiants","link":"https:\/\/www.reynalddrouhin.net\/edu\/dataflow\/category\/projets\/etudiants\/"},"img":{"alt_text":"","src":"https:\/\/i0.wp.com\/www.reynalddrouhin.net\/edu\/dataflow\/wp-content\/uploads\/2023\/03\/IMG_1128.jpg?resize=350%2C200&ssl=1","width":350,"height":200,"srcset":"https:\/\/i0.wp.com\/www.reynalddrouhin.net\/edu\/dataflow\/wp-content\/uploads\/2023\/03\/IMG_1128.jpg?resize=350%2C200&ssl=1 1x, https:\/\/i0.wp.com\/www.reynalddrouhin.net\/edu\/dataflow\/wp-content\/uploads\/2023\/03\/IMG_1128.jpg?resize=525%2C300&ssl=1 1.5x, https:\/\/i0.wp.com\/www.reynalddrouhin.net\/edu\/dataflow\/wp-content\/uploads\/2023\/03\/IMG_1128.jpg?resize=700%2C400&ssl=1 2x, https:\/\/i0.wp.com\/www.reynalddrouhin.net\/edu\/dataflow\/wp-content\/uploads\/2023\/03\/IMG_1128.jpg?resize=1050%2C600&ssl=1 3x, https:\/\/i0.wp.com\/www.reynalddrouhin.net\/edu\/dataflow\/wp-content\/uploads\/2023\/03\/IMG_1128.jpg?resize=1400%2C800&ssl=1 4x"},"classes":[]},{"id":5009,"url":"https:\/\/www.reynalddrouhin.net\/edu\/dataflow\/2023\/03\/effondrements-en-cours\/","url_meta":{"origin":4045,"position":5},"title":"Effondrements en cours","author":"Reynald Drouhin","date":"27 mars 2023","format":false,"excerpt":"Exposition du 3 au 8 avril 2023 de 10h \u00e0 17h en semaine et le samedi de 14h \u00e0 19h Vernissage le lundi 3 avril 2023 \u00e0 17h30 H\u00f4tel Pasteur, 2 place Pasteur 35000 Rennes Avec Nathan Albert, Alexandra Bessette, Mo Blanc, Atika Camara, Alexandre Campos, R\u00e9mi Daumesnil, Camille Devaux,\u2026","rel":"","context":"Dans &quot;\u00c9tudiants&quot;","block_context":{"text":"\u00c9tudiants","link":"https:\/\/www.reynalddrouhin.net\/edu\/dataflow\/category\/projets\/etudiants\/"},"img":{"alt_text":"","src":"https:\/\/i0.wp.com\/www.reynalddrouhin.net\/edu\/dataflow\/wp-content\/uploads\/2023\/03\/Affiche_detail.jpg?resize=350%2C200&ssl=1","width":350,"height":200,"srcset":"https:\/\/i0.wp.com\/www.reynalddrouhin.net\/edu\/dataflow\/wp-content\/uploads\/2023\/03\/Affiche_detail.jpg?resize=350%2C200&ssl=1 1x, https:\/\/i0.wp.com\/www.reynalddrouhin.net\/edu\/dataflow\/wp-content\/uploads\/2023\/03\/Affiche_detail.jpg?resize=525%2C300&ssl=1 1.5x, https:\/\/i0.wp.com\/www.reynalddrouhin.net\/edu\/dataflow\/wp-content\/uploads\/2023\/03\/Affiche_detail.jpg?resize=700%2C400&ssl=1 2x"},"classes":[]}],"jetpack_sharing_enabled":true,"_links":{"self":[{"href":"https:\/\/www.reynalddrouhin.net\/edu\/dataflow\/wp-json\/wp\/v2\/posts\/4045","targetHints":{"allow":["GET"]}}],"collection":[{"href":"https:\/\/www.reynalddrouhin.net\/edu\/dataflow\/wp-json\/wp\/v2\/posts"}],"about":[{"href":"https:\/\/www.reynalddrouhin.net\/edu\/dataflow\/wp-json\/wp\/v2\/types\/post"}],"author":[{"embeddable":true,"href":"https:\/\/www.reynalddrouhin.net\/edu\/dataflow\/wp-json\/wp\/v2\/users\/20"}],"replies":[{"embeddable":true,"href":"https:\/\/www.reynalddrouhin.net\/edu\/dataflow\/wp-json\/wp\/v2\/comments?post=4045"}],"version-history":[{"count":0,"href":"https:\/\/www.reynalddrouhin.net\/edu\/dataflow\/wp-json\/wp\/v2\/posts\/4045\/revisions"}],"wp:featuredmedia":[{"embeddable":true,"href":"https:\/\/www.reynalddrouhin.net\/edu\/dataflow\/wp-json\/wp\/v2\/media\/4046"}],"wp:attachment":[{"href":"https:\/\/www.reynalddrouhin.net\/edu\/dataflow\/wp-json\/wp\/v2\/media?parent=4045"}],"wp:term":[{"taxonomy":"category","embeddable":true,"href":"https:\/\/www.reynalddrouhin.net\/edu\/dataflow\/wp-json\/wp\/v2\/categories?post=4045"},{"taxonomy":"post_tag","embeddable":true,"href":"https:\/\/www.reynalddrouhin.net\/edu\/dataflow\/wp-json\/wp\/v2\/tags?post=4045"}],"curies":[{"name":"wp","href":"https:\/\/api.w.org\/{rel}","templated":true}]}}