{"id":406,"date":"2010-11-23T12:41:55","date_gmt":"2010-11-23T10:41:55","guid":{"rendered":"http:\/\/www.reynalddrouhin.net\/edu\/dataflow\/?p=406"},"modified":"2016-01-26T11:35:02","modified_gmt":"2016-01-26T09:35:02","slug":"les-formes-a-travers-le-paysage-urbain-2","status":"publish","type":"post","link":"https:\/\/www.reynalddrouhin.net\/edu\/dataflow\/2010\/11\/les-formes-a-travers-le-paysage-urbain-2\/","title":{"rendered":"Les formes \u00e0 travers le paysage urbain (2) \/ La\u00ebtitia Desauw"},"content":{"rendered":"\n\t\t<style type=\"text\/css\">\n\t\t\t#gallery-1 {\n\t\t\t\tmargin: auto;\n\t\t\t}\n\t\t\t#gallery-1 .gallery-item {\n\t\t\t\tfloat: left;\n\t\t\t\tmargin-top: 10px;\n\t\t\t\ttext-align: center;\n\t\t\t\twidth: 50%;\n\t\t\t}\n\t\t\t#gallery-1 img {\n\t\t\t\tborder: 2px solid #cfcfcf;\n\t\t\t}\n\t\t\t#gallery-1 .gallery-caption {\n\t\t\t\tmargin-left: 0;\n\t\t\t}\n\t\t\t\/* see gallery_shortcode() in wp-includes\/media.php *\/\n\t\t<\/style>\n\t\t<div data-carousel-extra='{&quot;blog_id&quot;:1,&quot;permalink&quot;:&quot;https:\/\/www.reynalddrouhin.net\/edu\/dataflow\/2010\/11\/les-formes-a-travers-le-paysage-urbain-2\/&quot;}' id='gallery-1' class='gallery galleryid-406 gallery-columns-2 gallery-size-thumbnail'><dl class='gallery-item'>\n\t\t\t<dt class='gallery-icon portrait'>\n\t\t\t\t<a href='https:\/\/www.reynalddrouhin.net\/edu\/dataflow\/2010\/11\/les-formes-a-travers-le-paysage-urbain-2\/73958_450992328266_758728266_5484797_1105498_n\/'><img loading=\"lazy\" decoding=\"async\" width=\"290\" height=\"290\" src=\"https:\/\/www.reynalddrouhin.net\/edu\/dataflow\/wp-content\/uploads\/2010\/11\/73958_450992328266_758728266_5484797_1105498_n-290x290.jpg\" class=\"attachment-thumbnail size-thumbnail\" alt=\"\" data-attachment-id=\"407\" data-permalink=\"https:\/\/www.reynalddrouhin.net\/edu\/dataflow\/2010\/11\/les-formes-a-travers-le-paysage-urbain-2\/73958_450992328266_758728266_5484797_1105498_n\/\" data-orig-file=\"https:\/\/www.reynalddrouhin.net\/edu\/dataflow\/wp-content\/uploads\/2010\/11\/73958_450992328266_758728266_5484797_1105498_n.jpg\" data-orig-size=\"480,720\" data-comments-opened=\"1\" data-image-meta=\"{&quot;aperture&quot;:&quot;0&quot;,&quot;credit&quot;:&quot;&quot;,&quot;camera&quot;:&quot;&quot;,&quot;caption&quot;:&quot;&quot;,&quot;created_timestamp&quot;:&quot;0&quot;,&quot;copyright&quot;:&quot;&quot;,&quot;focal_length&quot;:&quot;0&quot;,&quot;iso&quot;:&quot;0&quot;,&quot;shutter_speed&quot;:&quot;0&quot;,&quot;title&quot;:&quot;&quot;}\" data-image-title=\"73958_450992328266_758728266_5484797_1105498_n\" data-image-description=\"\" data-image-caption=\"\" data-large-file=\"https:\/\/www.reynalddrouhin.net\/edu\/dataflow\/wp-content\/uploads\/2010\/11\/73958_450992328266_758728266_5484797_1105498_n.jpg\" \/><\/a>\n\t\t\t<\/dt><\/dl><dl class='gallery-item'>\n\t\t\t<dt class='gallery-icon portrait'>\n\t\t\t\t<a href='https:\/\/www.reynalddrouhin.net\/edu\/dataflow\/2010\/11\/les-formes-a-travers-le-paysage-urbain-2\/148112_450992418266_758728266_5484799_6345715_n\/'><img loading=\"lazy\" decoding=\"async\" width=\"290\" height=\"290\" src=\"https:\/\/www.reynalddrouhin.net\/edu\/dataflow\/wp-content\/uploads\/2010\/11\/148112_450992418266_758728266_5484799_6345715_n-290x290.jpg\" class=\"attachment-thumbnail size-thumbnail\" alt=\"\" data-attachment-id=\"408\" data-permalink=\"https:\/\/www.reynalddrouhin.net\/edu\/dataflow\/2010\/11\/les-formes-a-travers-le-paysage-urbain-2\/148112_450992418266_758728266_5484799_6345715_n\/\" data-orig-file=\"https:\/\/www.reynalddrouhin.net\/edu\/dataflow\/wp-content\/uploads\/2010\/11\/148112_450992418266_758728266_5484799_6345715_n.jpg\" data-orig-size=\"480,720\" data-comments-opened=\"1\" data-image-meta=\"{&quot;aperture&quot;:&quot;0&quot;,&quot;credit&quot;:&quot;&quot;,&quot;camera&quot;:&quot;&quot;,&quot;caption&quot;:&quot;&quot;,&quot;created_timestamp&quot;:&quot;0&quot;,&quot;copyright&quot;:&quot;&quot;,&quot;focal_length&quot;:&quot;0&quot;,&quot;iso&quot;:&quot;0&quot;,&quot;shutter_speed&quot;:&quot;0&quot;,&quot;title&quot;:&quot;&quot;}\" data-image-title=\"148112_450992418266_758728266_5484799_6345715_n\" data-image-description=\"\" data-image-caption=\"\" data-large-file=\"https:\/\/www.reynalddrouhin.net\/edu\/dataflow\/wp-content\/uploads\/2010\/11\/148112_450992418266_758728266_5484799_6345715_n.jpg\" \/><\/a>\n\t\t\t<\/dt><\/dl><br style=\"clear: both\" \/>\n\t\t<\/div>\n\n","protected":false},"excerpt":{"rendered":"","protected":false},"author":20,"featured_media":408,"comment_status":"open","ping_status":"open","sticky":false,"template":"","format":"standard","meta":{"jetpack_post_was_ever_published":false,"_jetpack_newsletter_access":"","_jetpack_dont_email_post_to_subs":false,"_jetpack_newsletter_tier_id":0,"_jetpack_memberships_contains_paywalled_content":false,"_jetpack_memberships_contains_paid_content":false,"footnotes":""},"categories":[37,4],"tags":[48,55,56],"class_list":["post-406","post","type-post","status-publish","format-standard","has-post-thumbnail","hentry","category-etudiants","category-projets","tag-paysage","tag-urbain","tag-ville"],"jetpack_featured_media_url":"https:\/\/www.reynalddrouhin.net\/edu\/dataflow\/wp-content\/uploads\/2010\/11\/148112_450992418266_758728266_5484799_6345715_n.jpg","jetpack_shortlink":"https:\/\/wp.me\/p72hC6-6y","jetpack-related-posts":[{"id":393,"url":"https:\/\/www.reynalddrouhin.net\/edu\/dataflow\/2010\/11\/les-formes-a-travers-le-paysage-urbain\/","url_meta":{"origin":406,"position":0},"title":"Les formes \u00e0 travers le paysage urbain \/ La\u00ebtitia Desauw","author":"Reynald Drouhin","date":"23 novembre 2010","format":false,"excerpt":"\u00c0 l\u2019heure actuelle, les choses reviennent \u00e0 la position de fragment . Tel la pr\u00e9sentation d\u2019\u00e9missions t\u00e9l\u00e9vis\u00e9es, l\u2019organisation texte \/ image que l\u2019on retrouve dans les magazines et le journal, ou encore, entre autre, la reconstruction des villes . Je fais donc une mise en conscience de cette question de\u2026","rel":"","context":"Dans &quot;\u00c9tudiants&quot;","block_context":{"text":"\u00c9tudiants","link":"https:\/\/www.reynalddrouhin.net\/edu\/dataflow\/category\/projets\/etudiants\/"},"img":{"alt_text":"","src":"https:\/\/i0.wp.com\/www.reynalddrouhin.net\/edu\/dataflow\/wp-content\/uploads\/2010\/11\/P1260236.jpg?resize=350%2C200&ssl=1","width":350,"height":200,"srcset":"https:\/\/i0.wp.com\/www.reynalddrouhin.net\/edu\/dataflow\/wp-content\/uploads\/2010\/11\/P1260236.jpg?resize=350%2C200&ssl=1 1x, https:\/\/i0.wp.com\/www.reynalddrouhin.net\/edu\/dataflow\/wp-content\/uploads\/2010\/11\/P1260236.jpg?resize=525%2C300&ssl=1 1.5x, https:\/\/i0.wp.com\/www.reynalddrouhin.net\/edu\/dataflow\/wp-content\/uploads\/2010\/11\/P1260236.jpg?resize=700%2C400&ssl=1 2x, https:\/\/i0.wp.com\/www.reynalddrouhin.net\/edu\/dataflow\/wp-content\/uploads\/2010\/11\/P1260236.jpg?resize=1050%2C600&ssl=1 3x, https:\/\/i0.wp.com\/www.reynalddrouhin.net\/edu\/dataflow\/wp-content\/uploads\/2010\/11\/P1260236.jpg?resize=1400%2C800&ssl=1 4x"},"classes":[]},{"id":4977,"url":"https:\/\/www.reynalddrouhin.net\/edu\/dataflow\/2023\/03\/atika-camara-dys-paraitre\/","url_meta":{"origin":406,"position":1},"title":"Atika Camara \/ Dys-para\u00eetre","author":"Reynald Drouhin","date":"14 mars 2023","format":false,"excerpt":"\u00a0 Ce travail interroge la trace de l'homme sur son environnement \u00e0 travers diff\u00e9rentes exp\u00e9riences, r\u00e9flexion, et critiques L'impact que l'homme a sur son environnement n'est plus \u00e0 d\u00e9montrer que nous \u00e9tions l'arme fatale de la vie animale et v\u00e9g\u00e9tal, nous avons pomp\u00e9, d\u00e9truit, exploit\u00e9s, modifi\u00e9s pratiquement la totalit\u00e9 de\u2026","rel":"","context":"Dans &quot;\u00c9tudiants&quot;","block_context":{"text":"\u00c9tudiants","link":"https:\/\/www.reynalddrouhin.net\/edu\/dataflow\/category\/projets\/etudiants\/"},"img":{"alt_text":"","src":"https:\/\/i0.wp.com\/www.reynalddrouhin.net\/edu\/dataflow\/wp-content\/uploads\/2023\/03\/IMG_0911-scaled.jpg?resize=350%2C200&ssl=1","width":350,"height":200,"srcset":"https:\/\/i0.wp.com\/www.reynalddrouhin.net\/edu\/dataflow\/wp-content\/uploads\/2023\/03\/IMG_0911-scaled.jpg?resize=350%2C200&ssl=1 1x, https:\/\/i0.wp.com\/www.reynalddrouhin.net\/edu\/dataflow\/wp-content\/uploads\/2023\/03\/IMG_0911-scaled.jpg?resize=525%2C300&ssl=1 1.5x, https:\/\/i0.wp.com\/www.reynalddrouhin.net\/edu\/dataflow\/wp-content\/uploads\/2023\/03\/IMG_0911-scaled.jpg?resize=700%2C400&ssl=1 2x, https:\/\/i0.wp.com\/www.reynalddrouhin.net\/edu\/dataflow\/wp-content\/uploads\/2023\/03\/IMG_0911-scaled.jpg?resize=1050%2C600&ssl=1 3x, https:\/\/i0.wp.com\/www.reynalddrouhin.net\/edu\/dataflow\/wp-content\/uploads\/2023\/03\/IMG_0911-scaled.jpg?resize=1400%2C800&ssl=1 4x"},"classes":[]},{"id":1250,"url":"https:\/\/www.reynalddrouhin.net\/edu\/dataflow\/2013\/03\/en-corps-urbain-maelle-bertrand\/","url_meta":{"origin":406,"position":2},"title":"En corps urbain \/ Ma\u00eblle Bertrand","author":"Reynald Drouhin","date":"15 mars 2013","format":false,"excerpt":"Ma\u00eblle Bertrand,\u00a0En corps urbain,\u00a02013, 3 photographies,\u00a055 x 50 cm, 70 x 50 cm et 75 x 50 cm, 2013. \"En corps urbain c'est l'homme dans la ville et la ville vue \u00e0 travers l'homme. Ces photographie sont des mises en ab\u00eeme, elles cadrent un corps qui lui m\u00eame cadre un\u2026","rel":"","context":"Dans &quot;\u00c9tudiants&quot;","block_context":{"text":"\u00c9tudiants","link":"https:\/\/www.reynalddrouhin.net\/edu\/dataflow\/category\/projets\/etudiants\/"},"img":{"alt_text":"","src":"https:\/\/i0.wp.com\/www.reynalddrouhin.net\/edu\/dataflow\/wp-content\/uploads\/2013\/03\/581879_10200748265368296_1361569172_n.jpg?resize=350%2C200&ssl=1","width":350,"height":200,"srcset":"https:\/\/i0.wp.com\/www.reynalddrouhin.net\/edu\/dataflow\/wp-content\/uploads\/2013\/03\/581879_10200748265368296_1361569172_n.jpg?resize=350%2C200&ssl=1 1x, https:\/\/i0.wp.com\/www.reynalddrouhin.net\/edu\/dataflow\/wp-content\/uploads\/2013\/03\/581879_10200748265368296_1361569172_n.jpg?resize=525%2C300&ssl=1 1.5x, https:\/\/i0.wp.com\/www.reynalddrouhin.net\/edu\/dataflow\/wp-content\/uploads\/2013\/03\/581879_10200748265368296_1361569172_n.jpg?resize=700%2C400&ssl=1 2x"},"classes":[]},{"id":6035,"url":"https:\/\/www.reynalddrouhin.net\/edu\/dataflow\/2025\/03\/escalade-urbaine-vincent-salvat\/","url_meta":{"origin":406,"position":3},"title":"Escalade urbaine \/ Vincent Salvat","author":"Reynald Drouhin","date":"21 mars 2025","format":false,"excerpt":"\u00a0 J'ai organis\u00e9 une session escalade en ville pour prendre des photos et scanner des lieux.\u00a0 Les photos ont pour but de l'archivage. J'ai r\u00e9alis\u00e9 des scans de prises utilis\u00e9s lors de cette session. Ils ont pour but de m'aider \u00e0 chercher les formes de prises que je vais r\u00e9aliser.","rel":"","context":"Dans &quot;\u00c9tudiants&quot;","block_context":{"text":"\u00c9tudiants","link":"https:\/\/www.reynalddrouhin.net\/edu\/dataflow\/category\/projets\/etudiants\/"},"img":{"alt_text":"","src":"https:\/\/i0.wp.com\/www.reynalddrouhin.net\/edu\/dataflow\/wp-content\/uploads\/2025\/03\/image00075.jpg?resize=350%2C200&ssl=1","width":350,"height":200,"srcset":"https:\/\/i0.wp.com\/www.reynalddrouhin.net\/edu\/dataflow\/wp-content\/uploads\/2025\/03\/image00075.jpg?resize=350%2C200&ssl=1 1x, https:\/\/i0.wp.com\/www.reynalddrouhin.net\/edu\/dataflow\/wp-content\/uploads\/2025\/03\/image00075.jpg?resize=525%2C300&ssl=1 1.5x, https:\/\/i0.wp.com\/www.reynalddrouhin.net\/edu\/dataflow\/wp-content\/uploads\/2025\/03\/image00075.jpg?resize=700%2C400&ssl=1 2x, https:\/\/i0.wp.com\/www.reynalddrouhin.net\/edu\/dataflow\/wp-content\/uploads\/2025\/03\/image00075.jpg?resize=1050%2C600&ssl=1 3x, https:\/\/i0.wp.com\/www.reynalddrouhin.net\/edu\/dataflow\/wp-content\/uploads\/2025\/03\/image00075.jpg?resize=1400%2C800&ssl=1 4x"},"classes":[]},{"id":4577,"url":"https:\/\/www.reynalddrouhin.net\/edu\/dataflow\/2022\/05\/les-delaisses-urbains-lucie-robin\/","url_meta":{"origin":406,"position":4},"title":"Les d\u00e9laiss\u00e9s urbains \/ Lucie Robin","author":"Reynald Drouhin","date":"9 mai 2022","format":false,"excerpt":"La n\u00e9cessit\u00e9 biologique\/ \u00e9cologique des d\u00e9laiss\u00e9s urbains. Sensibiliser les usagers d'un territoire \u00e0 ce type d'espaces abandonn\u00e9s o\u00f9 la nature \u00e0 repris ses droits. Je propose une d\u00e9ambulation entre diff\u00e9rents projets et diff\u00e9rentes strates spaciales et temporelles afin de s'ancrer dans un territoire et de comprendre son histoire et ses\u2026","rel":"","context":"Dans &quot;\u00c9tudiants&quot;","block_context":{"text":"\u00c9tudiants","link":"https:\/\/www.reynalddrouhin.net\/edu\/dataflow\/category\/projets\/etudiants\/"},"img":{"alt_text":"","src":"https:\/\/i0.wp.com\/www.reynalddrouhin.net\/edu\/dataflow\/wp-content\/uploads\/2022\/05\/20220503_152724.jpg?resize=350%2C200&ssl=1","width":350,"height":200,"srcset":"https:\/\/i0.wp.com\/www.reynalddrouhin.net\/edu\/dataflow\/wp-content\/uploads\/2022\/05\/20220503_152724.jpg?resize=350%2C200&ssl=1 1x, https:\/\/i0.wp.com\/www.reynalddrouhin.net\/edu\/dataflow\/wp-content\/uploads\/2022\/05\/20220503_152724.jpg?resize=525%2C300&ssl=1 1.5x, https:\/\/i0.wp.com\/www.reynalddrouhin.net\/edu\/dataflow\/wp-content\/uploads\/2022\/05\/20220503_152724.jpg?resize=700%2C400&ssl=1 2x, https:\/\/i0.wp.com\/www.reynalddrouhin.net\/edu\/dataflow\/wp-content\/uploads\/2022\/05\/20220503_152724.jpg?resize=1050%2C600&ssl=1 3x, https:\/\/i0.wp.com\/www.reynalddrouhin.net\/edu\/dataflow\/wp-content\/uploads\/2022\/05\/20220503_152724.jpg?resize=1400%2C800&ssl=1 4x"},"classes":[]},{"id":3968,"url":"https:\/\/www.reynalddrouhin.net\/edu\/dataflow\/2020\/02\/gilles-clement\/","url_meta":{"origin":406,"position":5},"title":"Gilles Cl\u00e9ment","author":"Reynald Drouhin","date":"10 f\u00e9vrier 2020","format":false,"excerpt":"Jardinier, paysagiste, botaniste, entomologiste, biologiste et \u00e9crivain fran\u00e7ais Conf\u00e9rence 10 f\u00e9vrier \u00e0 18h Gilles Cl\u00e9ment - Le 10 f\u00e9vrier 2020 \u00e0 Rennes from EESAB on Vimeo. Rencontre avec Gilles Cl\u00e9ment http:\/\/www.gillesclement.com propos\u00e9 par Nicolas Floc'h, Caroline Cieslik et Reynald Drouhin Lundi 10 f\u00e9vrier \u2013 14h-17h30 Ouvert aux \u00e9tudiant\u00b7e\u00b7s de la\u2026","rel":"","context":"Dans &quot;Conf\u00e9rences&quot;","block_context":{"text":"Conf\u00e9rences","link":"https:\/\/www.reynalddrouhin.net\/edu\/dataflow\/category\/documents\/conferences\/"},"img":{"alt_text":"","src":"https:\/\/i0.wp.com\/www.reynalddrouhin.net\/edu\/dataflow\/wp-content\/uploads\/2020\/01\/gilles-clement364.png?resize=350%2C200&ssl=1","width":350,"height":200,"srcset":"https:\/\/i0.wp.com\/www.reynalddrouhin.net\/edu\/dataflow\/wp-content\/uploads\/2020\/01\/gilles-clement364.png?resize=350%2C200&ssl=1 1x, https:\/\/i0.wp.com\/www.reynalddrouhin.net\/edu\/dataflow\/wp-content\/uploads\/2020\/01\/gilles-clement364.png?resize=525%2C300&ssl=1 1.5x, https:\/\/i0.wp.com\/www.reynalddrouhin.net\/edu\/dataflow\/wp-content\/uploads\/2020\/01\/gilles-clement364.png?resize=700%2C400&ssl=1 2x, https:\/\/i0.wp.com\/www.reynalddrouhin.net\/edu\/dataflow\/wp-content\/uploads\/2020\/01\/gilles-clement364.png?resize=1050%2C600&ssl=1 3x"},"classes":[]}],"jetpack_sharing_enabled":true,"_links":{"self":[{"href":"https:\/\/www.reynalddrouhin.net\/edu\/dataflow\/wp-json\/wp\/v2\/posts\/406","targetHints":{"allow":["GET"]}}],"collection":[{"href":"https:\/\/www.reynalddrouhin.net\/edu\/dataflow\/wp-json\/wp\/v2\/posts"}],"about":[{"href":"https:\/\/www.reynalddrouhin.net\/edu\/dataflow\/wp-json\/wp\/v2\/types\/post"}],"author":[{"embeddable":true,"href":"https:\/\/www.reynalddrouhin.net\/edu\/dataflow\/wp-json\/wp\/v2\/users\/20"}],"replies":[{"embeddable":true,"href":"https:\/\/www.reynalddrouhin.net\/edu\/dataflow\/wp-json\/wp\/v2\/comments?post=406"}],"version-history":[{"count":0,"href":"https:\/\/www.reynalddrouhin.net\/edu\/dataflow\/wp-json\/wp\/v2\/posts\/406\/revisions"}],"wp:featuredmedia":[{"embeddable":true,"href":"https:\/\/www.reynalddrouhin.net\/edu\/dataflow\/wp-json\/wp\/v2\/media\/408"}],"wp:attachment":[{"href":"https:\/\/www.reynalddrouhin.net\/edu\/dataflow\/wp-json\/wp\/v2\/media?parent=406"}],"wp:term":[{"taxonomy":"category","embeddable":true,"href":"https:\/\/www.reynalddrouhin.net\/edu\/dataflow\/wp-json\/wp\/v2\/categories?post=406"},{"taxonomy":"post_tag","embeddable":true,"href":"https:\/\/www.reynalddrouhin.net\/edu\/dataflow\/wp-json\/wp\/v2\/tags?post=406"}],"curies":[{"name":"wp","href":"https:\/\/api.w.org\/{rel}","templated":true}]}}