{"id":921,"date":"2011-03-10T18:23:27","date_gmt":"2011-03-10T16:23:27","guid":{"rendered":"http:\/\/www.reynalddrouhin.net\/edu\/dataflow\/?p=921"},"modified":"2016-01-26T11:32:29","modified_gmt":"2016-01-26T09:32:29","slug":"marcher-au-pas","status":"publish","type":"post","link":"https:\/\/www.reynalddrouhin.net\/edu\/dataflow\/2011\/03\/marcher-au-pas\/","title":{"rendered":"Marcher au pas \/ Cl\u00e9ment Le Pallec"},"content":{"rendered":"<div id=\"attachment_922\" style=\"width: 620px\" class=\"wp-caption alignnone\"><a href=\"https:\/\/www.reynalddrouhin.net\/edu\/dataflow\/wp-content\/uploads\/2011\/04\/IMG_2335.jpg\"><img loading=\"lazy\" decoding=\"async\" aria-describedby=\"caption-attachment-922\" data-attachment-id=\"922\" data-permalink=\"https:\/\/www.reynalddrouhin.net\/edu\/dataflow\/2011\/03\/marcher-au-pas\/img_2335\/\" data-orig-file=\"https:\/\/www.reynalddrouhin.net\/edu\/dataflow\/wp-content\/uploads\/2011\/04\/IMG_2335.jpg\" data-orig-size=\"1000,667\" data-comments-opened=\"1\" data-image-meta=\"{&quot;aperture&quot;:&quot;0&quot;,&quot;credit&quot;:&quot;&quot;,&quot;camera&quot;:&quot;&quot;,&quot;caption&quot;:&quot;&quot;,&quot;created_timestamp&quot;:&quot;0&quot;,&quot;copyright&quot;:&quot;&quot;,&quot;focal_length&quot;:&quot;0&quot;,&quot;iso&quot;:&quot;0&quot;,&quot;shutter_speed&quot;:&quot;0&quot;,&quot;title&quot;:&quot;&quot;}\" data-image-title=\"Cl\u00e9ment Le Pallec\" data-image-description=\"\" data-image-caption=\"&lt;p&gt;Cl\u00e9ment Le Pallec&lt;\/p&gt;\n\" data-large-file=\"https:\/\/www.reynalddrouhin.net\/edu\/dataflow\/wp-content\/uploads\/2011\/04\/IMG_2335-710x473.jpg\" class=\"size-large wp-image-922\" title=\"Cl\u00e9ment Le Pallec\" src=\"https:\/\/www.reynalddrouhin.net\/edu\/dataflow\/wp-content\/uploads\/2011\/04\/IMG_2335-610x406.jpg\" alt=\"\" width=\"610\" height=\"406\" \/><\/a><p id=\"caption-attachment-922\" class=\"wp-caption-text\">Cl\u00e9ment Le Pallec<\/p><\/div>\n<div id=\"attachment_923\" style=\"width: 620px\" class=\"wp-caption alignnone\"><a href=\"https:\/\/www.reynalddrouhin.net\/edu\/dataflow\/wp-content\/uploads\/2011\/04\/IMG_2338.jpg\"><img loading=\"lazy\" decoding=\"async\" aria-describedby=\"caption-attachment-923\" data-attachment-id=\"923\" data-permalink=\"https:\/\/www.reynalddrouhin.net\/edu\/dataflow\/2011\/03\/marcher-au-pas\/img_2338\/\" data-orig-file=\"https:\/\/www.reynalddrouhin.net\/edu\/dataflow\/wp-content\/uploads\/2011\/04\/IMG_2338.jpg\" data-orig-size=\"1000,667\" data-comments-opened=\"1\" data-image-meta=\"{&quot;aperture&quot;:&quot;0&quot;,&quot;credit&quot;:&quot;&quot;,&quot;camera&quot;:&quot;&quot;,&quot;caption&quot;:&quot;&quot;,&quot;created_timestamp&quot;:&quot;0&quot;,&quot;copyright&quot;:&quot;&quot;,&quot;focal_length&quot;:&quot;0&quot;,&quot;iso&quot;:&quot;0&quot;,&quot;shutter_speed&quot;:&quot;0&quot;,&quot;title&quot;:&quot;&quot;}\" data-image-title=\"Cl\u00e9ment Le Pallec\" data-image-description=\"\" data-image-caption=\"&lt;p&gt;Cl\u00e9ment Le Pallec&lt;\/p&gt;\n\" data-large-file=\"https:\/\/www.reynalddrouhin.net\/edu\/dataflow\/wp-content\/uploads\/2011\/04\/IMG_2338-710x473.jpg\" src=\"https:\/\/www.reynalddrouhin.net\/edu\/dataflow\/wp-content\/uploads\/2011\/04\/IMG_2338-610x406.jpg\" alt=\"\" title=\"Cl\u00e9ment Le Pallec\" width=\"610\" height=\"406\" class=\"size-large wp-image-923\" \/><\/a><p id=\"caption-attachment-923\" class=\"wp-caption-text\">Cl\u00e9ment Le Pallec<\/p><\/div>\n","protected":false},"excerpt":{"rendered":"","protected":false},"author":20,"featured_media":922,"comment_status":"open","ping_status":"open","sticky":false,"template":"","format":"standard","meta":{"jetpack_post_was_ever_published":false,"_jetpack_newsletter_access":"","_jetpack_dont_email_post_to_subs":false,"_jetpack_newsletter_tier_id":0,"_jetpack_memberships_contains_paywalled_content":false,"_jetpack_memberships_contains_paid_content":false,"footnotes":""},"categories":[37,4],"tags":[127,130,128,129],"class_list":["post-921","post","type-post","status-publish","format-standard","has-post-thumbnail","hentry","category-etudiants","category-projets","tag-administration","tag-marcher","tag-parlement","tag-performance"],"jetpack_featured_media_url":"https:\/\/www.reynalddrouhin.net\/edu\/dataflow\/wp-content\/uploads\/2011\/04\/IMG_2335.jpg","jetpack_shortlink":"https:\/\/wp.me\/p72hC6-eR","jetpack-related-posts":[{"id":1330,"url":"https:\/\/www.reynalddrouhin.net\/edu\/dataflow\/2013\/03\/aller-simple-clement-le-pallec\/","url_meta":{"origin":921,"position":0},"title":"Aller simple \/ Cl\u00e9ment Le Pallec","author":"Reynald Drouhin","date":"18 mars 2013","format":false,"excerpt":"Cl\u00e9ment Le Pallec, Aller simple, texte imprim\u00e9 sur feuille A4, 2013. Aller simple est un travail participatif, une invitation non dissimul\u00e9e \u00e0 r\u00e9aliser le voyage entre l'\u00e9cole des beaux arts et l'esplanade du G\u00e9n\u00e9ral de Gaulle, quitter un lieu traditionnel d'exposition, pour en rejoindre un autre moins conventionnel : la\u2026","rel":"","context":"Dans &quot;\u00c9tudiants&quot;","block_context":{"text":"\u00c9tudiants","link":"https:\/\/www.reynalddrouhin.net\/edu\/dataflow\/category\/projets\/etudiants\/"},"img":{"alt_text":"","src":"https:\/\/i0.wp.com\/www.reynalddrouhin.net\/edu\/dataflow\/wp-content\/uploads\/2013\/03\/as2.png?resize=350%2C200&ssl=1","width":350,"height":200},"classes":[]},{"id":608,"url":"https:\/\/www.reynalddrouhin.net\/edu\/dataflow\/2011\/01\/in-situ\/","url_meta":{"origin":921,"position":1},"title":"In situ \/ Cl\u00e9ment Le Pallec","author":"Reynald Drouhin","date":"24 janvier 2011","format":false,"excerpt":"Installation in progress","rel":"","context":"Dans &quot;\u00c9tudiants&quot;","block_context":{"text":"\u00c9tudiants","link":"https:\/\/www.reynalddrouhin.net\/edu\/dataflow\/category\/projets\/etudiants\/"},"img":{"alt_text":"","src":"https:\/\/i0.wp.com\/www.reynalddrouhin.net\/edu\/dataflow\/wp-content\/uploads\/2011\/01\/IMG_0047.jpg?resize=350%2C200&ssl=1","width":350,"height":200},"classes":[]},{"id":666,"url":"https:\/\/www.reynalddrouhin.net\/edu\/dataflow\/2011\/01\/pause-etou-stop\/","url_meta":{"origin":921,"position":2},"title":"Pause et\/ou Stop \/ Cl\u00e9ment Le Pallec","author":"Reynald Drouhin","date":"31 janvier 2011","format":false,"excerpt":"Accrochage 1","rel":"","context":"Dans &quot;\u00c9tudiants&quot;","block_context":{"text":"\u00c9tudiants","link":"https:\/\/www.reynalddrouhin.net\/edu\/dataflow\/category\/projets\/etudiants\/"},"img":{"alt_text":"","src":"https:\/\/i0.wp.com\/www.reynalddrouhin.net\/edu\/dataflow\/wp-content\/uploads\/2011\/01\/IMG_0011.jpg?resize=350%2C200&ssl=1","width":350,"height":200,"srcset":"https:\/\/i0.wp.com\/www.reynalddrouhin.net\/edu\/dataflow\/wp-content\/uploads\/2011\/01\/IMG_0011.jpg?resize=350%2C200&ssl=1 1x, https:\/\/i0.wp.com\/www.reynalddrouhin.net\/edu\/dataflow\/wp-content\/uploads\/2011\/01\/IMG_0011.jpg?resize=525%2C300&ssl=1 1.5x, https:\/\/i0.wp.com\/www.reynalddrouhin.net\/edu\/dataflow\/wp-content\/uploads\/2011\/01\/IMG_0011.jpg?resize=700%2C400&ssl=1 2x"},"classes":[]},{"id":780,"url":"https:\/\/www.reynalddrouhin.net\/edu\/dataflow\/2011\/03\/cette-exposition-qui-naura-pas-lieu\/","url_meta":{"origin":921,"position":3},"title":"Cette exposition qui n&rsquo;aura pas lieu","author":"Reynald Drouhin","date":"28 mars 2011","format":false,"excerpt":"Nous allons lister les projets ici pour une exposition fictive qui aurait pu avoir lieu... la d\u00e9mat\u00e9rialisation est compl\u00e8te Annabel Aoun \"Insectes\" ? Chlo\u00e9 Steigelmann \"Poster\" hand ball Cl\u00e9ment Le Pallec : photos \"Marcher au pas\" Coline Faucon \"Cours d'esth\u00e9tique\"\u00a0http:\/\/dematerialisation.tumblr.com\/ La\u00ebtitia Desauw \"Carte en volume\" L\u00e9o Usa\u00ef \"P\u00e9rimetre\" (les poutres)\u2026","rel":"","context":"Dans &quot;\u00c9tudiants&quot;","block_context":{"text":"\u00c9tudiants","link":"https:\/\/www.reynalddrouhin.net\/edu\/dataflow\/category\/projets\/etudiants\/"},"img":{"alt_text":"","src":"https:\/\/i0.wp.com\/www.reynalddrouhin.net\/edu\/dataflow\/wp-content\/uploads\/2011\/03\/cubes.jpg?resize=350%2C200&ssl=1","width":350,"height":200,"srcset":"https:\/\/i0.wp.com\/www.reynalddrouhin.net\/edu\/dataflow\/wp-content\/uploads\/2011\/03\/cubes.jpg?resize=350%2C200&ssl=1 1x, https:\/\/i0.wp.com\/www.reynalddrouhin.net\/edu\/dataflow\/wp-content\/uploads\/2011\/03\/cubes.jpg?resize=525%2C300&ssl=1 1.5x"},"classes":[]},{"id":1390,"url":"https:\/\/www.reynalddrouhin.net\/edu\/dataflow\/2013\/03\/exposition-workflow\/","url_meta":{"origin":921,"position":4},"title":"Exposition WorkFlow","author":"Reynald Drouhin","date":"26 mars 2013","format":false,"excerpt":"WorkFlow T\u00eate \u00e0 t\u00eate \/ Lorraine Vivien En corps urbain \/ Ma\u00eblle Bertrand It\u2019s hard to be down when you\u2019re up \/ Paloma Moin La piscine \/ Dounia Isma\u00efl Pedestrian Street View \/ Julie Elleouet Aller simple \/ Cl\u00e9ment Le Pallec Point de fuite \/ Marion Augusto Policy routing \/\u2026","rel":"","context":"Dans &quot;\u00c9tudiants&quot;","block_context":{"text":"\u00c9tudiants","link":"https:\/\/www.reynalddrouhin.net\/edu\/dataflow\/category\/projets\/etudiants\/"},"img":{"alt_text":"","src":"https:\/\/i0.wp.com\/www.reynalddrouhin.net\/edu\/dataflow\/wp-content\/uploads\/2013\/03\/IMG_4839.jpg?resize=350%2C200&ssl=1","width":350,"height":200,"srcset":"https:\/\/i0.wp.com\/www.reynalddrouhin.net\/edu\/dataflow\/wp-content\/uploads\/2013\/03\/IMG_4839.jpg?resize=350%2C200&ssl=1 1x, https:\/\/i0.wp.com\/www.reynalddrouhin.net\/edu\/dataflow\/wp-content\/uploads\/2013\/03\/IMG_4839.jpg?resize=525%2C300&ssl=1 1.5x, https:\/\/i0.wp.com\/www.reynalddrouhin.net\/edu\/dataflow\/wp-content\/uploads\/2013\/03\/IMG_4839.jpg?resize=700%2C400&ssl=1 2x"},"classes":[]},{"id":1193,"url":"https:\/\/www.reynalddrouhin.net\/edu\/dataflow\/2013\/03\/workflow\/","url_meta":{"origin":921,"position":5},"title":"WorkFlow","author":"Reynald Drouhin","date":"20 mars 2013","format":false,"excerpt":"WorkFlow Corps, itin\u00e9raire, exp\u00e9rience Cette exposition fait suite \u00e0 un workshop de 3 jours (le 11, 12 et 13 mars 2013) conduit par Reynald Drouhin avec les \u00e9tudiants de l'ESAAB - site de Rennes. Les dates et lieux d'accrochage (\u00e9cran du 4bis et espace d'exposition de l'\u00e9cole) \u00e9tant pr\u00e9vus avant\u2026","rel":"","context":"Dans &quot;Expositions&quot;","block_context":{"text":"Expositions","link":"https:\/\/www.reynalddrouhin.net\/edu\/dataflow\/category\/projets\/expositions\/"},"img":{"alt_text":"","src":"https:\/\/i0.wp.com\/www.reynalddrouhin.net\/edu\/dataflow\/wp-content\/uploads\/2013\/03\/image.jpeg?resize=350%2C200&ssl=1","width":350,"height":200,"srcset":"https:\/\/i0.wp.com\/www.reynalddrouhin.net\/edu\/dataflow\/wp-content\/uploads\/2013\/03\/image.jpeg?resize=350%2C200&ssl=1 1x, https:\/\/i0.wp.com\/www.reynalddrouhin.net\/edu\/dataflow\/wp-content\/uploads\/2013\/03\/image.jpeg?resize=525%2C300&ssl=1 1.5x, https:\/\/i0.wp.com\/www.reynalddrouhin.net\/edu\/dataflow\/wp-content\/uploads\/2013\/03\/image.jpeg?resize=700%2C400&ssl=1 2x"},"classes":[]}],"jetpack_sharing_enabled":true,"_links":{"self":[{"href":"https:\/\/www.reynalddrouhin.net\/edu\/dataflow\/wp-json\/wp\/v2\/posts\/921","targetHints":{"allow":["GET"]}}],"collection":[{"href":"https:\/\/www.reynalddrouhin.net\/edu\/dataflow\/wp-json\/wp\/v2\/posts"}],"about":[{"href":"https:\/\/www.reynalddrouhin.net\/edu\/dataflow\/wp-json\/wp\/v2\/types\/post"}],"author":[{"embeddable":true,"href":"https:\/\/www.reynalddrouhin.net\/edu\/dataflow\/wp-json\/wp\/v2\/users\/20"}],"replies":[{"embeddable":true,"href":"https:\/\/www.reynalddrouhin.net\/edu\/dataflow\/wp-json\/wp\/v2\/comments?post=921"}],"version-history":[{"count":0,"href":"https:\/\/www.reynalddrouhin.net\/edu\/dataflow\/wp-json\/wp\/v2\/posts\/921\/revisions"}],"wp:featuredmedia":[{"embeddable":true,"href":"https:\/\/www.reynalddrouhin.net\/edu\/dataflow\/wp-json\/wp\/v2\/media\/922"}],"wp:attachment":[{"href":"https:\/\/www.reynalddrouhin.net\/edu\/dataflow\/wp-json\/wp\/v2\/media?parent=921"}],"wp:term":[{"taxonomy":"category","embeddable":true,"href":"https:\/\/www.reynalddrouhin.net\/edu\/dataflow\/wp-json\/wp\/v2\/categories?post=921"},{"taxonomy":"post_tag","embeddable":true,"href":"https:\/\/www.reynalddrouhin.net\/edu\/dataflow\/wp-json\/wp\/v2\/tags?post=921"}],"curies":[{"name":"wp","href":"https:\/\/api.w.org\/{rel}","templated":true}]}}